{"id":621,"date":"2017-03-26T18:10:40","date_gmt":"2017-03-26T16:10:40","guid":{"rendered":"http:\/\/gruene-nks.de\/?p=621"},"modified":"2017-03-26T18:10:40","modified_gmt":"2017-03-26T16:10:40","slug":"schule-nrw-obst-und-gemuese-kostenlos","status":"publish","type":"post","link":"https:\/\/gruene-nks.de\/index.php\/2017\/03\/26\/schule-nrw-obst-und-gemuese-kostenlos\/","title":{"rendered":"Schule NRW \u2013 Obst und Gem\u00fcse kostenlos"},"content":{"rendered":"<p>Die rot-gr\u00fcne Landesregierung hat die Programme f\u00fcr Obst, Gem\u00fcse und Milch in Schulen in den letzten Jahren kontinuierlich ausgebaut. W\u00e4hrend beim Start des Schulobst- und Schul-gem\u00fcseprogramms im Jahr 2010 lediglich 355 Schulen teilnahmen, sind es im laufenden Schuljahr 2016\/2017 schon \u00fcber 1.100 Schulen mit etwa 225.000 Sch\u00fclerinnen und Sch\u00fclern.<\/p>\n<p>&nbsp;<\/p>\n<p>Folgen einer falschen Ern\u00e4hrung sind 1,9 Millionen \u00fcbergewichtige Kinder, von denen 800\u00a0000 bereits an Fettleibigkeit erkrankt sind. Bundesweit entstehen durch Fehlern\u00e4hrung Behandlungskosten von 70\u00a0Milliarden Euro j\u00e4hrlich.<\/p>\n<p>Ungesunde Ern\u00e4hrung und Mangelern\u00e4hrung sind meist eng an den Bildungs- und Sozialstatus der Kinder gekn\u00fcpft, genauso wie der Gesundheitszustand. Arme Kinder leben und essen unges\u00fcnder als der Durchschnitt. Die Kinder lernen schlechter und sind weniger leistungsf\u00e4hig.<\/p>\n<p>Ziel des Teilprogramms Schulobst und -gem\u00fcse ist es, den r\u00fcckl\u00e4ufigen Trend des Obst- und Gem\u00fcseverzehrs umzukehren. Erg\u00e4nzt wird es durch das NRW-Schulmilchprogramm. Die teilnehmenden Schulen unterst\u00fctzen diese wichtigen Anliegen durch eine p\u00e4dagogische Begleitung.<\/p>\n<p>Ab sofort k\u00f6nnen sich alle Grund- und F\u00f6rderschulen im Primarbereich wieder f\u00fcr die Landesprogramme \u201eSchulobst\u201c, \u201eSchulgem\u00fcse\u201c und \u201eSchulmilch\u201c bewerben. In Schulen, die an dem Programm teilnehmen, erh\u00e4lt jede Sch\u00fclerin und jeder Sch\u00fcler dreimal pro Woche kostenlos eine Portion Obst und Gem\u00fcse. Verzehrt werden die Obst- und Gem\u00fcseportionen im Rahmen eines gemeinsamen Fr\u00fchst\u00fccks. Die Finanzierung des Programms erfolgt durch die EU und das Land Nordrhein-Westfalen.<\/p>\n<p>\u201eDas Programm unterst\u00fctzt die Kinder dabei, ein besonderes Bewusstsein f\u00fcr eine gesunde und gleichzeitig leckere Ern\u00e4hrung zu entwickeln. Ganz nebenbei werden Grundlagen eines nachhaltigen Konsumverhaltens vermittelt\u201c sagt Norwich R\u00fc\u00dfe, der im D\u00fcsseldorfer Landtag stellvertretender Vorsitzender der GR\u00dcNEN-Fraktion ist.<\/p>\n<p>&nbsp;<\/p>\n<p>Ulrike Parsch und Silke Kierspel<\/p>\n","protected":false},"excerpt":{"rendered":"<p>Die rot-gr\u00fcne Landesregierung hat die Programme f\u00fcr Obst, Gem\u00fcse und Milch in Schulen in den letzten Jahren kontinuierlich ausgebaut. W\u00e4hrend beim Start des Schulobst- und Schul-gem\u00fcseprogramms im Jahr 2010 lediglich [&hellip;]<\/p>\n","protected":false},"author":-1,"featured_media":622,"comment_status":"open","ping_status":"open","sticky":false,"template":"","format":"standard","meta":{"footnotes":""},"categories":[1],"tags":[],"class_list":["post-621","post","type-post","status-publish","format-standard","has-post-thumbnail","hentry","category-allgemein"],"_links":{"self":[{"href":"https:\/\/gruene-nks.de\/index.php\/wp-json\/wp\/v2\/posts\/621","targetHints":{"allow":["GET"]}}],"collection":[{"href":"https:\/\/gruene-nks.de\/index.php\/wp-json\/wp\/v2\/posts"}],"about":[{"href":"https:\/\/gruene-nks.de\/index.php\/wp-json\/wp\/v2\/types\/post"}],"author":[{"embeddable":true,"href":"https:\/\/gruene-nks.de\/index.php\/wp-json\/wp\/v2\/users\/1"}],"replies":[{"embeddable":true,"href":"https:\/\/gruene-nks.de\/index.php\/wp-json\/wp\/v2\/comments?post=621"}],"version-history":[{"count":1,"href":"https:\/\/gruene-nks.de\/index.php\/wp-json\/wp\/v2\/posts\/621\/revisions"}],"predecessor-version":[{"id":623,"href":"https:\/\/gruene-nks.de\/index.php\/wp-json\/wp\/v2\/posts\/621\/revisions\/623"}],"wp:featuredmedia":[{"embeddable":true,"href":"https:\/\/gruene-nks.de\/index.php\/wp-json\/wp\/v2\/media\/622"}],"wp:attachment":[{"href":"https:\/\/gruene-nks.de\/index.php\/wp-json\/wp\/v2\/media?parent=621"}],"wp:term":[{"taxonomy":"category","embeddable":true,"href":"https:\/\/gruene-nks.de\/index.php\/wp-json\/wp\/v2\/categories?post=621"},{"taxonomy":"post_tag","embeddable":true,"href":"https:\/\/gruene-nks.de\/index.php\/wp-json\/wp\/v2\/tags?post=621"}],"curies":[{"name":"wp","href":"https:\/\/api.w.org\/{rel}","templated":true}]}}