{"id":633,"date":"2017-04-10T13:42:16","date_gmt":"2017-04-10T11:42:16","guid":{"rendered":"http:\/\/gruene-nks.de\/?p=633"},"modified":"2017-04-10T13:42:16","modified_gmt":"2017-04-10T11:42:16","slug":"kein-ei-mit-der-drei","status":"publish","type":"post","link":"https:\/\/gruene-nks.de\/index.php\/2017\/04\/10\/kein-ei-mit-der-drei\/","title":{"rendered":"Kein Ei mit der Drei"},"content":{"rendered":"<p>Bereits 2010 hat das Bundesverfassungsgericht die K\u00e4fighaltung zum zweiten Mal verboten. Aber H\u00fchnerbarone und die Bundesregierung klammern sich weiter an diese tierqu\u00e4lerische Haltungsform. Dabei ist Tierschutz die Zukunft.<\/p>\n<p>&nbsp;<\/p>\n<p><strong>Mehr Platz f\u00fcr die H\u00fchner<\/strong><\/p>\n<p>Der Bundesrat hat im November 2015 das Ende der so genannten Kleingruppenhaltung bei Legehennen\u00a0beschlossen. Ein echter GR\u00dcNER Erfolg, auch wenn wir uns ein noch schnelleres Ende dieser Form der K\u00e4fighaltung gew\u00fcnscht h\u00e4tten. Wir verraten, wie sich\u00a0Verbraucher*innen heute schon f\u00fcr bessere Lebensbedingungen f\u00fcr H\u00fchner einsetzen k\u00f6nnen \u2013 n\u00e4mlich beim Eierkauf.<\/p>\n<p>&nbsp;<\/p>\n<p><strong>Umfassende Kennzeichnung aller Lebensmittel<\/strong><\/p>\n<p>Die Verbraucherinnen und Verbraucher wollen keine Eier aus K\u00e4fighaltung. Die meisten Handelsketten haben K\u00e4figeier bereits aus ihrem Sortiment gestrichen, weil sie oftmals in den Regalen liegen geblieben sind. Heute stammen \u00fcber 95 Prozent der nicht verarbeiteten Eier aus alternativen Haltungsformen. Doch in vielen verarbeiteten Produkten wie Nudeln, Backwaren oder Eierspeisen werden nach wie vor K\u00e4figeier eingesetzt \u2013 ohne Kennzeichnung. Dort k\u00f6nnen die Verbraucherinnen und Verbraucher Eier aus Qualhaltung nur umgehen, wenn sie Bio-Produkte kaufen. Darum fordern wir die Ausweitung der Eierkennzeichnung auch auf verarbeitete Produkte.<\/p>\n<p>&nbsp;<\/p>\n<p><strong>Tierschutz mit dem Einkaufskorb!<\/strong><\/p>\n<p>Mach mit: Produkte aus \u00f6kologischer Landwirtschaft und artgerechter Tierhaltung sind die bessere Wahl!<\/p>\n<p><em>Haltungsform (erste Ziffer):<\/em><\/p>\n<ul>\n<li>0 = \u00d6kologische Haltung<\/li>\n<li>1 = Freilandhaltung<\/li>\n<li>2 = Bodenhaltung<\/li>\n<li>3 = K\u00e4fighaltung<\/li>\n<\/ul>\n<p>&nbsp;<\/p>\n<p><strong>F\u00fcr eine b\u00e4uerliche Legehennenhaltung<\/strong><\/p>\n<p>Wir GR\u00dcNE fordern darum einen Kurswechsel in der Agrarpolitik hin zur F\u00f6rderung einer tiergerechten, nachhaltigen, b\u00e4uerlichen Landwirtschaft und zur St\u00e4rkung regionaler Wertsch\u00f6pfung. Alle, die bei Tierhaltung oder Kennzeichnung betr\u00fcgen, m\u00fcssen hart bestraft werden, bis hin zum Entzug der Zulassung.<\/p>\n<p>&nbsp;<\/p>\n<p>&nbsp;<\/p>\n<p>Ulrike Parsch und Silke Kierspel<\/p>\n","protected":false},"excerpt":{"rendered":"<p>Bereits 2010 hat das Bundesverfassungsgericht die K\u00e4fighaltung zum zweiten Mal verboten. Aber H\u00fchnerbarone und die Bundesregierung klammern sich weiter an diese tierqu\u00e4lerische Haltungsform. Dabei ist Tierschutz die Zukunft. &nbsp; Mehr [&hellip;]<\/p>\n","protected":false},"author":-1,"featured_media":634,"comment_status":"open","ping_status":"open","sticky":false,"template":"","format":"standard","meta":{"footnotes":""},"categories":[1],"tags":[],"class_list":["post-633","post","type-post","status-publish","format-standard","has-post-thumbnail","hentry","category-allgemein"],"_links":{"self":[{"href":"https:\/\/gruene-nks.de\/index.php\/wp-json\/wp\/v2\/posts\/633","targetHints":{"allow":["GET"]}}],"collection":[{"href":"https:\/\/gruene-nks.de\/index.php\/wp-json\/wp\/v2\/posts"}],"about":[{"href":"https:\/\/gruene-nks.de\/index.php\/wp-json\/wp\/v2\/types\/post"}],"author":[{"embeddable":true,"href":"https:\/\/gruene-nks.de\/index.php\/wp-json\/wp\/v2\/users\/1"}],"replies":[{"embeddable":true,"href":"https:\/\/gruene-nks.de\/index.php\/wp-json\/wp\/v2\/comments?post=633"}],"version-history":[{"count":1,"href":"https:\/\/gruene-nks.de\/index.php\/wp-json\/wp\/v2\/posts\/633\/revisions"}],"predecessor-version":[{"id":635,"href":"https:\/\/gruene-nks.de\/index.php\/wp-json\/wp\/v2\/posts\/633\/revisions\/635"}],"wp:featuredmedia":[{"embeddable":true,"href":"https:\/\/gruene-nks.de\/index.php\/wp-json\/wp\/v2\/media\/634"}],"wp:attachment":[{"href":"https:\/\/gruene-nks.de\/index.php\/wp-json\/wp\/v2\/media?parent=633"}],"wp:term":[{"taxonomy":"category","embeddable":true,"href":"https:\/\/gruene-nks.de\/index.php\/wp-json\/wp\/v2\/categories?post=633"},{"taxonomy":"post_tag","embeddable":true,"href":"https:\/\/gruene-nks.de\/index.php\/wp-json\/wp\/v2\/tags?post=633"}],"curies":[{"name":"wp","href":"https:\/\/api.w.org\/{rel}","templated":true}]}}