{"id":653,"date":"2017-06-07T15:26:56","date_gmt":"2017-06-07T13:26:56","guid":{"rendered":"http:\/\/gruene-nks.de\/?p=653"},"modified":"2017-06-07T15:26:56","modified_gmt":"2017-06-07T13:26:56","slug":"neuer-vorstand-im-gruenen-ortsverband-jetzt-mit-doppelspitze","status":"publish","type":"post","link":"https:\/\/gruene-nks.de\/index.php\/2017\/06\/07\/neuer-vorstand-im-gruenen-ortsverband-jetzt-mit-doppelspitze\/","title":{"rendered":"Neuer Vorstand im GR\u00dcNEN Ortsverband- jetzt mit Doppelspitze"},"content":{"rendered":"<p><strong><strong>\u00a0<\/strong><\/strong><\/p>\n<p>Am 24. Mai w\u00e4hlte unser Ortsverband in der diesj\u00e4hrigen Mitgliederversammlung einen neuen Vorstand nach der neuen Satzung. Es gibt jetzt einen dreik\u00f6pfigen gesch\u00e4ftsf\u00fchrenden Vorstand, der aus zwei gleichberechtigten Vorsitzenden und dem\/ der Kassierer\/in besteht.<\/p>\n<p>Die Vorsitzenden sind Silke Kierspel und Astrid Normann, zur Kassiererin wurde einstimmig Bettina Eifert gew\u00e4hlt. Als weiteres, nicht gesch\u00e4ftsf\u00fchrendes Vorstandsmitglied bekam Frederik Kierspel einstimmig das Votum der Mitgliederversammlung.<\/p>\n<p>Karin Baust und Martin Euler kandidierten nicht wieder und schieden aus. Wir bedanken uns bei beiden f\u00fcr die geleistete Vorstandsarbeit.<\/p>\n<p>Wir freuen uns auf eine gute Zusammenarbeit und die Umsetzung von GR\u00dcNEN Ideen in der Kommunalpolitik.<\/p>\n<p>Silke Kierspel und Astrid Normann<\/p>\n","protected":false},"excerpt":{"rendered":"<p>\u00a0 Am 24. Mai w\u00e4hlte unser Ortsverband in der diesj\u00e4hrigen Mitgliederversammlung einen neuen Vorstand nach der neuen Satzung. Es gibt jetzt einen dreik\u00f6pfigen gesch\u00e4ftsf\u00fchrenden Vorstand, der aus zwei gleichberechtigten Vorsitzenden [&hellip;]<\/p>\n","protected":false},"author":-1,"featured_media":0,"comment_status":"open","ping_status":"open","sticky":false,"template":"","format":"standard","meta":{"footnotes":""},"categories":[1],"tags":[],"class_list":["post-653","post","type-post","status-publish","format-standard","hentry","category-allgemein"],"_links":{"self":[{"href":"https:\/\/gruene-nks.de\/index.php\/wp-json\/wp\/v2\/posts\/653","targetHints":{"allow":["GET"]}}],"collection":[{"href":"https:\/\/gruene-nks.de\/index.php\/wp-json\/wp\/v2\/posts"}],"about":[{"href":"https:\/\/gruene-nks.de\/index.php\/wp-json\/wp\/v2\/types\/post"}],"author":[{"embeddable":true,"href":"https:\/\/gruene-nks.de\/index.php\/wp-json\/wp\/v2\/users\/1"}],"replies":[{"embeddable":true,"href":"https:\/\/gruene-nks.de\/index.php\/wp-json\/wp\/v2\/comments?post=653"}],"version-history":[{"count":1,"href":"https:\/\/gruene-nks.de\/index.php\/wp-json\/wp\/v2\/posts\/653\/revisions"}],"predecessor-version":[{"id":654,"href":"https:\/\/gruene-nks.de\/index.php\/wp-json\/wp\/v2\/posts\/653\/revisions\/654"}],"wp:attachment":[{"href":"https:\/\/gruene-nks.de\/index.php\/wp-json\/wp\/v2\/media?parent=653"}],"wp:term":[{"taxonomy":"category","embeddable":true,"href":"https:\/\/gruene-nks.de\/index.php\/wp-json\/wp\/v2\/categories?post=653"},{"taxonomy":"post_tag","embeddable":true,"href":"https:\/\/gruene-nks.de\/index.php\/wp-json\/wp\/v2\/tags?post=653"}],"curies":[{"name":"wp","href":"https:\/\/api.w.org\/{rel}","templated":true}]}}