{"id":666,"date":"2017-06-23T12:22:27","date_gmt":"2017-06-23T10:22:27","guid":{"rendered":"http:\/\/gruene-nks.de\/?p=666"},"modified":"2017-06-23T12:22:27","modified_gmt":"2017-06-23T10:22:27","slug":"nein-zur-bebauungsplanaenderung-sankt-franziskus-weg","status":"publish","type":"post","link":"https:\/\/gruene-nks.de\/index.php\/2017\/06\/23\/nein-zur-bebauungsplanaenderung-sankt-franziskus-weg\/","title":{"rendered":"NEIN zur Bebauungsplan\u00e4nderung Sankt-Franziskus-Weg"},"content":{"rendered":"<p>Neben dem Franziskus-Haus bzw. gegen\u00fcber vom LIDL in Neunkirchen soll die neue Feuerwache gebaut werden. F\u00fcr alle F\u00e4lle ist ein 18 Meter hoher Turm geplant, in dem die Schl\u00e4uche der Feuerwehr aufgeh\u00e4ngt werden k\u00f6nnten, z.B. um sie zu trocknen, zu s\u00e4ubern oder zu reparieren.<\/p>\n<p>Bevor nun der gesamte Bebauungsplan f\u00fcr das Gebiet des Sankt-Franziskus-Weges wegen eines <strong><strong>eventuell erforderlichen Trocknungsturms f\u00fcr die Feuerwache <\/strong><\/strong>auf eine Bauh\u00f6he von 18 Metern \u00fcber Grund ge\u00e4ndert wird, sind wir f\u00fcr eine exakte Gegen\u00fcberstellung von Kosten und Nutzen f\u00fcr diesen Turm.<\/p>\n<p>Bisher wird der Turm der Feuerwache in Siegburg genutzt. Au\u00dfer uns machen das noch weitere 18 freiwillige Feuerwehren des Rhein-Sieg-Kreises so. Sicher nicht ohne (finanziellen) Grund. \u00a0\u00a0\u00a0\u00a0\u00a0\u00a0\u00a0\u00a0\u00a0\u00a0\u00a0\u00a0\u00a0\u00a0\u00a0\u00a0\u00a0\u00a0\u00a0\u00a0\u00a0\u00a0\u00a0\u00a0\u00a0\u00a0\u00a0\u00a0\u00a0\u00a0\u00a0\u00a0\u00a0\u00a0\u00a0\u00a0\u00a0\u00a0\u00a0\u00a0\u00a0\u00a0\u00a0\u00a0\u00a0\u00a0\u00a0\u00a0\u00a0\u00a0\u00a0\u00a0\u00a0\u00a0\u00a0\u00a0\u00a0\u00a0\u00a0\u00a0\u00a0\u00a0\u00a0\u00a0\u00a0\u00a0\u00a0\u00a0\u00a0\u00a0\u00a0\u00a0\u00a0\u00a0\u00a0\u00a0\u00a0\u00a0\u00a0\u00a0\u00a0\u00a0\u00a0\u00a0\u00a0\u00a0\u00a0\u00a0\u00a0\u00a0\u00a0\u00a0\u00a0\u00a0\u00a0\u00a0\u00a0\u00a0\u00a0\u00a0\u00a0\u00a0\u00a0\u00a0\u00a0\u00a0\u00a0\u00a0Wie oft musste unsere Freiwillige Feuerwehr in den letzten 10 Jahren nach Siegburg fahren und was kostet die dortige Nutzung des Turms? Ist es heute \u00fcberhaupt noch \u00fcblich, die Schl\u00e4uche in einem Turm zu trocknen? Soweit wir wissen, eher nicht.<\/p>\n<p>F\u00fcr das Gel\u00e4nde der Firma Thurn gleich nebenan hat das Oberverwaltungsgericht M\u00fcnster unl\u00e4ngst die vorl\u00e4ufige Entscheidung gef\u00e4llt, dass Bauten von dieser H\u00f6he unter anderem wegen der Ver\u00e4nderung des Landschaftsbildes nicht zul\u00e4ssig sind.<\/p>\n<p>Das ist auch unsere Meinung, wir wollen den d\u00f6rflichen Charakter unserer Gemeinde erhalten.<\/p>\n<p>Silke Kierspel und Astrid Normann<\/p>\n","protected":false},"excerpt":{"rendered":"<p>Neben dem Franziskus-Haus bzw. gegen\u00fcber vom LIDL in Neunkirchen soll die neue Feuerwache gebaut werden. F\u00fcr alle F\u00e4lle ist ein 18 Meter hoher Turm geplant, in dem die Schl\u00e4uche der [&hellip;]<\/p>\n","protected":false},"author":-1,"featured_media":0,"comment_status":"open","ping_status":"open","sticky":false,"template":"","format":"standard","meta":{"footnotes":""},"categories":[1],"tags":[],"class_list":["post-666","post","type-post","status-publish","format-standard","hentry","category-allgemein"],"_links":{"self":[{"href":"https:\/\/gruene-nks.de\/index.php\/wp-json\/wp\/v2\/posts\/666","targetHints":{"allow":["GET"]}}],"collection":[{"href":"https:\/\/gruene-nks.de\/index.php\/wp-json\/wp\/v2\/posts"}],"about":[{"href":"https:\/\/gruene-nks.de\/index.php\/wp-json\/wp\/v2\/types\/post"}],"author":[{"embeddable":true,"href":"https:\/\/gruene-nks.de\/index.php\/wp-json\/wp\/v2\/users\/1"}],"replies":[{"embeddable":true,"href":"https:\/\/gruene-nks.de\/index.php\/wp-json\/wp\/v2\/comments?post=666"}],"version-history":[{"count":1,"href":"https:\/\/gruene-nks.de\/index.php\/wp-json\/wp\/v2\/posts\/666\/revisions"}],"predecessor-version":[{"id":667,"href":"https:\/\/gruene-nks.de\/index.php\/wp-json\/wp\/v2\/posts\/666\/revisions\/667"}],"wp:attachment":[{"href":"https:\/\/gruene-nks.de\/index.php\/wp-json\/wp\/v2\/media?parent=666"}],"wp:term":[{"taxonomy":"category","embeddable":true,"href":"https:\/\/gruene-nks.de\/index.php\/wp-json\/wp\/v2\/categories?post=666"},{"taxonomy":"post_tag","embeddable":true,"href":"https:\/\/gruene-nks.de\/index.php\/wp-json\/wp\/v2\/tags?post=666"}],"curies":[{"name":"wp","href":"https:\/\/api.w.org\/{rel}","templated":true}]}}