{"id":671,"date":"2017-07-14T12:28:20","date_gmt":"2017-07-14T10:28:20","guid":{"rendered":"http:\/\/gruene-nks.de\/?p=671"},"modified":"2017-07-14T12:28:20","modified_gmt":"2017-07-14T10:28:20","slug":"belgiens-tickende-zeitbombe-das-marode-akw-tihange","status":"publish","type":"post","link":"https:\/\/gruene-nks.de\/index.php\/2017\/07\/14\/belgiens-tickende-zeitbombe-das-marode-akw-tihange\/","title":{"rendered":"Belgiens tickende Zeitbombe &#8211; das marode AKW Tihange"},"content":{"rendered":"<p><strong>90 km Widerstand gab es am 25. Juni: An der Menschenkette gegen die Atomkraftwerke Tihange und Doel und f\u00fcr einen europ\u00e4ischen Atomausstieg haben sich nach Z\u00e4hlungen auf allen Streckenabschnitten 50.000 Menschen beteiligt.\u00a0\u00a0\u00a0\u00a0\u00a0\u00a0\u00a0\u00a0\u00a0\u00a0\u00a0\u00a0\u00a0\u00a0\u00a0\u00a0\u00a0\u00a0\u00a0\u00a0\u00a0\u00a0\u00a0\u00a0\u00a0\u00a0\u00a0\u00a0\u00a0\u00a0\u00a0\u00a0\u00a0\u00a0\u00a0\u00a0\u00a0\u00a0\u00a0\u00a0\u00a0\u00a0\u00a0\u00a0\u00a0\u00a0\u00a0\u00a0\u00a0\u00a0\u00a0\u00a0\u00a0\u00a0\u00a0\u00a0\u00a0\u00a0\u00a0\u00a0\u00a0\u00a0\u00a0\u00a0\u00a0\u00a0\u00a0\u00a0\u00a0\u00a0\u00a0\u00a0\u00a0\u00a0\u00a0\u00a0\u00a0\u00a0\u00a0\u00a0\u00a0\u00a0\u00a0\u00a0\u00a0\u00a0\u00a0\u00a0 <\/strong><\/p>\n<p>Tihange sollte am besten schon heute vom Netz genommen werden, es kommt dort\u00a0immer wieder zu massiven\u00a0St\u00f6rf\u00e4llen. Das AKW liegt nur 60 km Luftlinie von Aachen entfernt und besteht aus drei Bl\u00f6cken, die 1975, 1982 und 1985 ans Netz gegangen sind. Die Geschichte dieser Bl\u00f6cke ist seither von einer nahezu endlos scheinenden Pannenserie\u00a0gekennzeichnet. Besonders problematisch ist die\u00a0Situation rund um Tihange 2. Im Jahr 2012 musste der zweite Block heruntergefahren werden, weil tausende\u00a0kleine Risse im Mantel gefunden wurden. Im Jahr 2013 wurde er dann wieder hochgefahren, um aus Sicherheitsgr\u00fcnden im darauffolgenden Jahr aufgrund von neuen Ungereimtheiten direkt wieder heruntergefahren\u00a0zu werden. Mitte November 2015 gab die belgische Atomaufsichtsbeh\u00f6rde dann unglaublicherweise die Erlaubnis, Block 2 wieder in Betrieb zu nehmen, weil die gefundenen Risse angeblich kein Sicherheitsrisiko darstellen. Das h\u00e4ufige Herunter- und wieder Hochfahren spricht allerdings eine komplett andere Sprache: Es stellt als Vorgang an\u00a0sich bereits ein Risiko dar und weist zudem auf die enormen vorhandenen Sicherheitsm\u00e4ngel hin.<\/p>\n<p><a href=\"https:\/\/gruene-nrw.de\/partei\/historie\/\"><strong><u><strong>Seit unserer Gr\u00fcndung<\/strong><\/u><\/strong><\/a><strong> treten wir GR\u00dcNEN f\u00fcr ein schnellstm\u00f6gliches Ende der\u00a0Atomkraft ein. Unser Ziel ist der vollst\u00e4ndige europ\u00e4ische Ausstieg aus der atomaren Stromerzeugung und aus der gesamten nuklearen Brennstoffkette. Anstelle der Risikotechnologie Kernkraft m\u00fcssen wir auf alternative und erneuerbare Formen der Energiegewinnung setzen.<\/strong><\/p>\n<p>Mit Tihange wird ein komplett marodes Kernkraftwerk am Netz gehalten, das ein unkalkulierbares St\u00f6rfallrisiko mit sich bringt.<\/p>\n<p><strong><strong>Tihange geh\u00f6rt deshalb abgeschaltet und zwar sofort.<\/strong><\/strong><\/p>\n<p>Astrid Normann und Silke Kierspel<\/p>\n","protected":false},"excerpt":{"rendered":"<p>90 km Widerstand gab es am 25. Juni: An der Menschenkette gegen die Atomkraftwerke Tihange und Doel und f\u00fcr einen europ\u00e4ischen Atomausstieg haben sich nach Z\u00e4hlungen auf allen Streckenabschnitten 50.000 [&hellip;]<\/p>\n","protected":false},"author":-1,"featured_media":0,"comment_status":"open","ping_status":"open","sticky":false,"template":"","format":"standard","meta":{"footnotes":""},"categories":[1],"tags":[],"class_list":["post-671","post","type-post","status-publish","format-standard","hentry","category-allgemein"],"_links":{"self":[{"href":"https:\/\/gruene-nks.de\/index.php\/wp-json\/wp\/v2\/posts\/671","targetHints":{"allow":["GET"]}}],"collection":[{"href":"https:\/\/gruene-nks.de\/index.php\/wp-json\/wp\/v2\/posts"}],"about":[{"href":"https:\/\/gruene-nks.de\/index.php\/wp-json\/wp\/v2\/types\/post"}],"author":[{"embeddable":true,"href":"https:\/\/gruene-nks.de\/index.php\/wp-json\/wp\/v2\/users\/1"}],"replies":[{"embeddable":true,"href":"https:\/\/gruene-nks.de\/index.php\/wp-json\/wp\/v2\/comments?post=671"}],"version-history":[{"count":1,"href":"https:\/\/gruene-nks.de\/index.php\/wp-json\/wp\/v2\/posts\/671\/revisions"}],"predecessor-version":[{"id":672,"href":"https:\/\/gruene-nks.de\/index.php\/wp-json\/wp\/v2\/posts\/671\/revisions\/672"}],"wp:attachment":[{"href":"https:\/\/gruene-nks.de\/index.php\/wp-json\/wp\/v2\/media?parent=671"}],"wp:term":[{"taxonomy":"category","embeddable":true,"href":"https:\/\/gruene-nks.de\/index.php\/wp-json\/wp\/v2\/categories?post=671"},{"taxonomy":"post_tag","embeddable":true,"href":"https:\/\/gruene-nks.de\/index.php\/wp-json\/wp\/v2\/tags?post=671"}],"curies":[{"name":"wp","href":"https:\/\/api.w.org\/{rel}","templated":true}]}}