{"id":701,"date":"2017-08-10T22:20:29","date_gmt":"2017-08-10T20:20:29","guid":{"rendered":"http:\/\/gruene-nks.de\/?p=701"},"modified":"2017-08-10T22:20:29","modified_gmt":"2017-08-10T20:20:29","slug":"gruener-stammtisch-im-august","status":"publish","type":"post","link":"https:\/\/gruene-nks.de\/index.php\/2017\/08\/10\/gruener-stammtisch-im-august\/","title":{"rendered":"GR\u00dcNER Stammtisch im August"},"content":{"rendered":"<p>Unser GR\u00dcNER Stammtisch findet im August ausnahmsweise nicht statt. Wir machen Ferien.<\/p>\n<p>Berichten m\u00f6chten wir aber endlich \u00fcber den GR\u00dcNEN Stammtisch im Juli. Der Bundestagskandidat f\u00fcr den linksrheinischen Rhein-Sieg-Kreis <strong><strong>Martin Metz<\/strong><\/strong> war zu Gast und schilderte seine Eindr\u00fccke vom GR\u00dcNEN Parteitag:<\/p>\n<p>Dort wurde ein 10-Punkte-Programm f\u00fcr die Bundestagswahl beschlossen. Im Punkt 5.) Familie, hei\u00dft es dort: \u201eWir wollen, dass das Aufstiegsversprechen f\u00fcr alle gleicherma\u00dfen gilt. Dazu braucht es faire Chancen f\u00fcr alle. <strong>Wir wollen gezielt in gute Bildung investieren, in bessere Kita-Qualit\u00e4t und intakte und gut ausgestattete Schulen \u2013 statt mit der Gie\u00dfkanne Geld auszugeben. Wir bek\u00e4mpfen Kinderarmut und st\u00e4rken Alleinerziehende. Wir wollen die Familienf\u00f6rderung mit 12 Milliarden Euro zus\u00e4tzlich verbessern<\/strong>: das gr\u00fcne Familienbudget \u2013 mit allem was dazugeh\u00f6rt \u2013 st\u00e4rkt nicht nur Familien sondern f\u00f6rdert auch die wirtschaftliche Unabh\u00e4ngigkeit von Frauen. Und wir er\u00f6ffnen damit endlich allen Kindern gute Chancen f\u00fcr ihr Leben &#8211; egal wie sie hei\u00dfen, wo sie wohnen und wer ihre Eltern sind.\u201c Dazu steht Martin Metz voll und ganz. Nach dem Motto:<\/p>\n<p><strong><strong>Kinderarmut kann man klein reden oder gro\u00df bek\u00e4mpfen!<\/strong><\/strong><\/p>\n<p>Astrid Normann und Silke Kierspel<\/p>\n","protected":false},"excerpt":{"rendered":"<p>Unser GR\u00dcNER Stammtisch findet im August ausnahmsweise nicht statt. Wir machen Ferien. Berichten m\u00f6chten wir aber endlich \u00fcber den GR\u00dcNEN Stammtisch im Juli. Der Bundestagskandidat f\u00fcr den linksrheinischen Rhein-Sieg-Kreis Martin [&hellip;]<\/p>\n","protected":false},"author":-1,"featured_media":0,"comment_status":"open","ping_status":"open","sticky":false,"template":"","format":"standard","meta":{"footnotes":""},"categories":[1],"tags":[],"class_list":["post-701","post","type-post","status-publish","format-standard","hentry","category-allgemein"],"_links":{"self":[{"href":"https:\/\/gruene-nks.de\/index.php\/wp-json\/wp\/v2\/posts\/701","targetHints":{"allow":["GET"]}}],"collection":[{"href":"https:\/\/gruene-nks.de\/index.php\/wp-json\/wp\/v2\/posts"}],"about":[{"href":"https:\/\/gruene-nks.de\/index.php\/wp-json\/wp\/v2\/types\/post"}],"author":[{"embeddable":true,"href":"https:\/\/gruene-nks.de\/index.php\/wp-json\/wp\/v2\/users\/1"}],"replies":[{"embeddable":true,"href":"https:\/\/gruene-nks.de\/index.php\/wp-json\/wp\/v2\/comments?post=701"}],"version-history":[{"count":1,"href":"https:\/\/gruene-nks.de\/index.php\/wp-json\/wp\/v2\/posts\/701\/revisions"}],"predecessor-version":[{"id":702,"href":"https:\/\/gruene-nks.de\/index.php\/wp-json\/wp\/v2\/posts\/701\/revisions\/702"}],"wp:attachment":[{"href":"https:\/\/gruene-nks.de\/index.php\/wp-json\/wp\/v2\/media?parent=701"}],"wp:term":[{"taxonomy":"category","embeddable":true,"href":"https:\/\/gruene-nks.de\/index.php\/wp-json\/wp\/v2\/categories?post=701"},{"taxonomy":"post_tag","embeddable":true,"href":"https:\/\/gruene-nks.de\/index.php\/wp-json\/wp\/v2\/tags?post=701"}],"curies":[{"name":"wp","href":"https:\/\/api.w.org\/{rel}","templated":true}]}}