{"id":704,"date":"2017-08-18T22:00:21","date_gmt":"2017-08-18T20:00:21","guid":{"rendered":"http:\/\/gruene-nks.de\/?p=704"},"modified":"2017-08-18T22:00:21","modified_gmt":"2017-08-18T20:00:21","slug":"eier-skandal","status":"publish","type":"post","link":"https:\/\/gruene-nks.de\/index.php\/2017\/08\/18\/eier-skandal\/","title":{"rendered":"Eier-Skandal"},"content":{"rendered":"<p><span style=\"color: black; font-family: 'Calibri','sans-serif';\"><strong>&#8222;Warum bleibt die Landesregierung angesichts der Fipronil-Belastung von Eiern und eihaltigen Produkten unt\u00e4tig?&#8220;<\/strong><\/span><span style=\"color: black; font-family: 'Calibri','sans-serif';\"> fragt Norwich R\u00fc\u00dfe, Sprecher der GR\u00dcNEN NRW f\u00fcr Landwirtschaft, Naturschutz und Tierschutz.<span style=\"font-family: 'Calibri','sans-serif';\"><strong> &#8222;<\/strong><\/span>K\u00fcrzlich wurde der Insektizid-Wirkstoff Fipronil in Eiern festgestellt, die haupts\u00e4chlich aus den Niederlanden und aus Belgien importiert wurden. Aber auch in Niedersachsen ist das Fipronil-haltige Desinfektionsmittel &#8222;Dega 16&#8220; zum Einsatz gekommen, womit auch Eier mit einer deutschen Kennung belastet sind. Aus Medienberichten ist bekannt, dass diese Eier auch in Nordrhein-Westfalen in Lebensmittelm\u00e4rkten verkauft oder aber zur Herstellung anderer Lebensmittelprodukte verarbeitet worden sind. <span style=\"font-family: 'Calibri','sans-serif';\"><strong>&#8230;. <\/strong><\/span>Eine Herkunftskennzeichnung auch f\u00fcr verarbeitete Eier in Lebensmitteln w\u00fcrde eine R\u00fcckverfolgung deutlich erleichtern. Beabsichtigt die Landesregierung sich vor diesem Hintergrund auf Bundesebene f\u00fcr eine Produktkennzeichnung f\u00fcr verarbeitete Lebensmittelprodukte einzusetzen?&#8220; fragt er weiter.<\/span><\/p>\n<p><span style=\"color: black; font-family: 'Calibri','sans-serif';\">Die Kennzeichnung f\u00fcr Fleisch und verarbeitete tierische Produkte wie Eier ist nach wie vor v\u00f6llig unzureichend. Den Verbraucherinnen und Verbrauchern werden wichtige Informationen vorenthalten. Noch immer werden ihnen mit Nudeln, Mayonnaise oder Kuchen z.B. K\u00e4figeier untergejubelt, da diese im Gegensatz zu frischen Eiern nicht gekennzeichnet werden m\u00fcssen. F\u00fcr Fleisch und Wurstwaren gibt es noch gar keine verpflichtende Kennzeichnung, die erkennbar macht, unter welchen Bedingungen die Tiere gehalten wurden. Dabei w\u00fcnschen sich immer mehr Verbraucherinnen und Verbraucher Produkte aus regionaler, tiergerechter Haltung. Sie wollen auf dem Etikett oder an der Fleischtheke erkennen, woher das Lebensmittel stamme und wo es weiterverarbeitet worden ist.<\/span><\/p>\n<p><span style=\"color: black; font-family: 'Calibri','sans-serif';\"><strong>Wir GR\u00dcNE fordern schon seit vielen Jahren eine Kennzeichnungspflicht f\u00fcr weiterverarbeitete Eierprodukte. Wir w\u00fcnschen uns, dass es nicht noch weitere \u00e4hnliche Skandale geben muss, bis unsere Forderung endlich umgesetzt wird. <\/strong><\/span><\/p>\n<p><span style=\"color: black; font-family: 'Calibri','sans-serif';\">Astrid Normann und Silke Kierspel<\/span><\/p>\n<p>&nbsp;<\/p>\n","protected":false},"excerpt":{"rendered":"<p>&#8222;Warum bleibt die Landesregierung angesichts der Fipronil-Belastung von Eiern und eihaltigen Produkten unt\u00e4tig?&#8220; fragt Norwich R\u00fc\u00dfe, Sprecher der GR\u00dcNEN NRW f\u00fcr Landwirtschaft, Naturschutz und Tierschutz. &#8222;K\u00fcrzlich wurde der Insektizid-Wirkstoff Fipronil [&hellip;]<\/p>\n","protected":false},"author":-1,"featured_media":0,"comment_status":"open","ping_status":"open","sticky":false,"template":"","format":"standard","meta":{"footnotes":""},"categories":[1],"tags":[],"class_list":["post-704","post","type-post","status-publish","format-standard","hentry","category-allgemein"],"_links":{"self":[{"href":"https:\/\/gruene-nks.de\/index.php\/wp-json\/wp\/v2\/posts\/704","targetHints":{"allow":["GET"]}}],"collection":[{"href":"https:\/\/gruene-nks.de\/index.php\/wp-json\/wp\/v2\/posts"}],"about":[{"href":"https:\/\/gruene-nks.de\/index.php\/wp-json\/wp\/v2\/types\/post"}],"author":[{"embeddable":true,"href":"https:\/\/gruene-nks.de\/index.php\/wp-json\/wp\/v2\/users\/1"}],"replies":[{"embeddable":true,"href":"https:\/\/gruene-nks.de\/index.php\/wp-json\/wp\/v2\/comments?post=704"}],"version-history":[{"count":1,"href":"https:\/\/gruene-nks.de\/index.php\/wp-json\/wp\/v2\/posts\/704\/revisions"}],"predecessor-version":[{"id":705,"href":"https:\/\/gruene-nks.de\/index.php\/wp-json\/wp\/v2\/posts\/704\/revisions\/705"}],"wp:attachment":[{"href":"https:\/\/gruene-nks.de\/index.php\/wp-json\/wp\/v2\/media?parent=704"}],"wp:term":[{"taxonomy":"category","embeddable":true,"href":"https:\/\/gruene-nks.de\/index.php\/wp-json\/wp\/v2\/categories?post=704"},{"taxonomy":"post_tag","embeddable":true,"href":"https:\/\/gruene-nks.de\/index.php\/wp-json\/wp\/v2\/tags?post=704"}],"curies":[{"name":"wp","href":"https:\/\/api.w.org\/{rel}","templated":true}]}}