{"id":712,"date":"2017-08-25T22:43:24","date_gmt":"2017-08-25T20:43:24","guid":{"rendered":"http:\/\/gruene-nks.de\/?p=712"},"modified":"2017-08-25T22:43:24","modified_gmt":"2017-08-25T20:43:24","slug":"gruener-stammtisch-im-september","status":"publish","type":"post","link":"https:\/\/gruene-nks.de\/index.php\/2017\/08\/25\/gruener-stammtisch-im-september\/","title":{"rendered":"GR\u00dcNER Stammtisch im September"},"content":{"rendered":"<p>Wir haben unseren <strong>GR\u00dcNEN Stammtisch ins Gasthaus \u201eBockenbusch\u201c in Pohlhausen<\/strong> verlegen k\u00f6nnen und freuen uns sehr dar\u00fcber.<\/p>\n<p>Da sowohl montags als auch dienstags aber Ruhetag ist, findet der <strong><strong>GR\u00dcNE Stammtisch<\/strong><\/strong> nun immer am <strong><strong>ersten Mittwoch im<\/strong><\/strong> <strong><strong>Monat<\/strong><\/strong> statt.<\/p>\n<p>Das ist diesmal der <strong><strong>6. September. <\/strong><\/strong>Wie immer treffen wir uns um 19.30 Uhr.<\/p>\n<p>Alle B\u00fcrgerinnen und B\u00fcrger sind herzlich eingeladen.<\/p>\n<p>Unterst\u00fctzen wird uns unsere Bundestagskandidatin und Kreisvorsitzende von <strong><strong>B\u00dcNDNIS 90\/ DIE<\/strong><\/strong> <strong><strong>GR\u00dcNEN Lisa Ansch\u00fctz<\/strong><\/strong> aus Windeck.<\/p>\n<p>Unser Thema ist:<\/p>\n<p><strong><strong>Fair handeln \u2013 f\u00fcr Erzeuger und Verbraucher!<\/strong><\/strong><\/p>\n<p>Faire Preise f\u00fcr gute Produkte. Vor dem Hintergrund des Eier-Skandals wollen wir \u00fcber Erzeugung, Preispolitik und Handel sprechen.<\/p>\n<p>Da passen die vor Ort befindliche Milchtankstelle und das H\u00fchnermobil genau zum Thema. Bauer Bruno Stauf wird auch mit dabei sein.<\/p>\n<p>Astrid Normann und Silke Kierspel<\/p>\n","protected":false},"excerpt":{"rendered":"<p>Wir haben unseren GR\u00dcNEN Stammtisch ins Gasthaus \u201eBockenbusch\u201c in Pohlhausen verlegen k\u00f6nnen und freuen uns sehr dar\u00fcber. Da sowohl montags als auch dienstags aber Ruhetag ist, findet der GR\u00dcNE Stammtisch [&hellip;]<\/p>\n","protected":false},"author":-1,"featured_media":713,"comment_status":"open","ping_status":"open","sticky":false,"template":"","format":"standard","meta":{"footnotes":""},"categories":[1],"tags":[],"class_list":["post-712","post","type-post","status-publish","format-standard","has-post-thumbnail","hentry","category-allgemein"],"_links":{"self":[{"href":"https:\/\/gruene-nks.de\/index.php\/wp-json\/wp\/v2\/posts\/712","targetHints":{"allow":["GET"]}}],"collection":[{"href":"https:\/\/gruene-nks.de\/index.php\/wp-json\/wp\/v2\/posts"}],"about":[{"href":"https:\/\/gruene-nks.de\/index.php\/wp-json\/wp\/v2\/types\/post"}],"author":[{"embeddable":true,"href":"https:\/\/gruene-nks.de\/index.php\/wp-json\/wp\/v2\/users\/1"}],"replies":[{"embeddable":true,"href":"https:\/\/gruene-nks.de\/index.php\/wp-json\/wp\/v2\/comments?post=712"}],"version-history":[{"count":3,"href":"https:\/\/gruene-nks.de\/index.php\/wp-json\/wp\/v2\/posts\/712\/revisions"}],"predecessor-version":[{"id":716,"href":"https:\/\/gruene-nks.de\/index.php\/wp-json\/wp\/v2\/posts\/712\/revisions\/716"}],"wp:featuredmedia":[{"embeddable":true,"href":"https:\/\/gruene-nks.de\/index.php\/wp-json\/wp\/v2\/media\/713"}],"wp:attachment":[{"href":"https:\/\/gruene-nks.de\/index.php\/wp-json\/wp\/v2\/media?parent=712"}],"wp:term":[{"taxonomy":"category","embeddable":true,"href":"https:\/\/gruene-nks.de\/index.php\/wp-json\/wp\/v2\/categories?post=712"},{"taxonomy":"post_tag","embeddable":true,"href":"https:\/\/gruene-nks.de\/index.php\/wp-json\/wp\/v2\/tags?post=712"}],"curies":[{"name":"wp","href":"https:\/\/api.w.org\/{rel}","templated":true}]}}