{"id":733,"date":"2017-09-16T12:36:28","date_gmt":"2017-09-16T10:36:28","guid":{"rendered":"http:\/\/gruene-nks.de\/?p=733"},"modified":"2017-09-16T12:36:28","modified_gmt":"2017-09-16T10:36:28","slug":"insekten-sterben-massenhaft","status":"publish","type":"post","link":"https:\/\/gruene-nks.de\/index.php\/2017\/09\/16\/insekten-sterben-massenhaft\/","title":{"rendered":"Insekten sterben massenhaft \u2013"},"content":{"rendered":"<p><strong>die Natur verstummt<\/strong><\/p>\n<p>Seit dem 15. Juli 2017 ist es offiziell: Die Bundesregierung warnt vor einem verheerenden Insektensterben in Deutschland. In Teilen des Landes habe sich der Bestand von Insekten seit dem Jahr 1982 um bis zu 80 Prozent verringert. Das geht aus einer Antwort des Bundesumweltministeriums auf eine Anfrage der GR\u00dcNEN Bundestagsfraktion hervor. Autofahrer merken diesen R\u00fcckgang seit Jahren daran, dass sie kaum noch Insekten von der Windschutzscheibe kratzen m\u00fcssen. Auch Tagfalter sind deutlich seltener als fr\u00fcher. Aber die Auswirkung auf die Vogelwelt, auf die globale Nahrungsmittelversorgung und das gesamte weltweite \u00d6kosystems sind noch gar nicht absehbar und vollkommen unerforscht.<\/p>\n<p>Als wichtigster Verursacher des Insektentods sind &#8211; neben der industriellen Landwirtschaft mit ihren Monokulturen und der \u201eausger\u00e4umten Landschaft\u201c &#8211; die \u201eNeonicotinoide\u201c in Verdacht, die seit etwa 20 Jahren von Bayer, Monsanto und Syngenta als Pflanzenschutzmittel verbreitet werden, in Wirklichkeit aber als hochtoxische Nervengifte alle Insekten ohne Unterschied sch\u00e4digen. Bei den Bienen, die dank der \u201eNeonics\u201c m\u00f6glicherweise nicht mehr in ihre St\u00f6cke zur\u00fcckfinden und deren Fortpflanzungsrate sinkt, haben die Imker das als Erste gemerkt, aber bedroht sind unterschiedslos alle Insekten. Und zwar weltweit, wie der \u201eWeltbiodiversivit\u00e4tsrat\u201c 2016 warnte:<\/p>\n<p><strong><strong>\u201eDie Menschheit organisiert ihre eigene Hungerkrise, wenn sie weiter in diesem Tempo die Existenz der weltweiten Best\u00e4uber gef\u00e4hrdet.\u201c <\/strong><\/strong><\/p>\n<p>Diesem Thema soll unser n\u00e4chster GR\u00dcNER Stammtisch im Oktober gewidmet sein. Alle B\u00fcrger sollen ihre Fragen, Beobachtungen und Erkenntnisse schildern k\u00f6nnen. Wir werden kurz vorher an dieser Stelle nochmal eine Einladung an alle ver\u00f6ffentlichen.<\/p>\n<p>Astrid Normann und Silke Kierspel<\/p>\n","protected":false},"excerpt":{"rendered":"<p>die Natur verstummt Seit dem 15. Juli 2017 ist es offiziell: Die Bundesregierung warnt vor einem verheerenden Insektensterben in Deutschland. In Teilen des Landes habe sich der Bestand von Insekten [&hellip;]<\/p>\n","protected":false},"author":-1,"featured_media":734,"comment_status":"open","ping_status":"open","sticky":false,"template":"","format":"standard","meta":{"footnotes":""},"categories":[1],"tags":[],"class_list":["post-733","post","type-post","status-publish","format-standard","has-post-thumbnail","hentry","category-allgemein"],"_links":{"self":[{"href":"https:\/\/gruene-nks.de\/index.php\/wp-json\/wp\/v2\/posts\/733","targetHints":{"allow":["GET"]}}],"collection":[{"href":"https:\/\/gruene-nks.de\/index.php\/wp-json\/wp\/v2\/posts"}],"about":[{"href":"https:\/\/gruene-nks.de\/index.php\/wp-json\/wp\/v2\/types\/post"}],"author":[{"embeddable":true,"href":"https:\/\/gruene-nks.de\/index.php\/wp-json\/wp\/v2\/users\/1"}],"replies":[{"embeddable":true,"href":"https:\/\/gruene-nks.de\/index.php\/wp-json\/wp\/v2\/comments?post=733"}],"version-history":[{"count":1,"href":"https:\/\/gruene-nks.de\/index.php\/wp-json\/wp\/v2\/posts\/733\/revisions"}],"predecessor-version":[{"id":735,"href":"https:\/\/gruene-nks.de\/index.php\/wp-json\/wp\/v2\/posts\/733\/revisions\/735"}],"wp:featuredmedia":[{"embeddable":true,"href":"https:\/\/gruene-nks.de\/index.php\/wp-json\/wp\/v2\/media\/734"}],"wp:attachment":[{"href":"https:\/\/gruene-nks.de\/index.php\/wp-json\/wp\/v2\/media?parent=733"}],"wp:term":[{"taxonomy":"category","embeddable":true,"href":"https:\/\/gruene-nks.de\/index.php\/wp-json\/wp\/v2\/categories?post=733"},{"taxonomy":"post_tag","embeddable":true,"href":"https:\/\/gruene-nks.de\/index.php\/wp-json\/wp\/v2\/tags?post=733"}],"curies":[{"name":"wp","href":"https:\/\/api.w.org\/{rel}","templated":true}]}}