{"id":741,"date":"2017-09-27T23:29:37","date_gmt":"2017-09-27T21:29:37","guid":{"rendered":"http:\/\/gruene-nks.de\/?p=741"},"modified":"2017-09-27T23:29:37","modified_gmt":"2017-09-27T21:29:37","slug":"gruener-stammtisch-4-10","status":"publish","type":"post","link":"https:\/\/gruene-nks.de\/index.php\/2017\/09\/27\/gruener-stammtisch-4-10\/","title":{"rendered":"GR\u00dcNER Stammtisch 4.10."},"content":{"rendered":"<p><strong>Thema: Die Natur verstummt<\/strong><\/p>\n<p>Sogar die Bundesregierung warnt inzwischen vor einem verheerenden Insektensterben in Deutschland. In Teilen des Landes habe sich der Bestand von Insekten seit dem Jahr 1982 um bis zu 80 Prozent verringert. Das geht aus einer Antwort des Bundesumweltministeriums auf eine Anfrage der Gr\u00fcnen Bundestagsfraktion hervor. Autofahrer merken diesen R\u00fcckgang seit Jahren daran, dass sie kaum noch Insekten von der Windschutzscheibe kratzen m\u00fcssen. Auch Tagfalter sind deutlich seltener als fr\u00fcher. Aber die Auswirkung auf die Vogelwelt, auf die globale Nahrungsmittelversorgung und das gesamte weltweite \u00d6kosystems sind noch gar nicht absehbar und vollkommen unerforscht.<\/p>\n<p>Als wichtigster Verursacher des Insektentods sind &#8211; neben der industriellen Landwirtschaft mit ihren Monokulturen und der \u201eausger\u00e4umten Landschaft\u201c &#8211;\u00a0die \u201eNeonicotinoide\u201c in Verdacht, die seit etwa 20 Jahren von Bayer, Monsanto und Syngenta als Pflanzenschutzmittel verbreitet werden, in Wirklichkeit aber als hochtoxische Nervengifte alle Insekten ohne Unterschied sch\u00e4digen. Bei den Bienen, die dank der \u201eNeonics\u201c m\u00f6glicherweise nicht mehr in ihre St\u00f6cke zur\u00fcckfinden und deren Fortpflanzungsrate sinkt, haben die Imker das als Erste gemerkt, aber bedroht sind unterschiedslos alle Insekten. Und zwar weltweit, wie der \u201eWeltbiodiversivit\u00e4tsrat\u201c 2016 warnte: \u201eDie Menschheit organisiert ihre eigene Hungerkrise, wenn sie weiter in diesem Tempo die Existenz der weltweiten Best\u00e4uber gef\u00e4hrdet.\u201c<\/p>\n<p><strong>Am 4. Oktober<\/strong>\u00a0wollen wir zusammen mit dem <strong><strong>Imker<\/strong><\/strong> <strong><strong>Siegfried Schaft<\/strong><\/strong> \u00fcber das Thema Insektensterben und was dagegen zu tun ist, sprechen. Die Veranstaltung startet\u00a0<strong>um 19:30<\/strong>\u00a0<strong>Uhr\u00a0<\/strong>in <strong><strong>Pohlhausen beim \u201eBockenbusch\u201c <\/strong><\/strong><\/p>\n<p>Wir m\u00f6chten alle B\u00fcrgerinnen und B\u00fcrger und alle Interessierten herzlich einladen, mit uns zu diskutieren.<\/p>\n<p>&nbsp;<\/p>\n<p>Silke Kierspel und Astrid Normann<\/p>\n","protected":false},"excerpt":{"rendered":"<p>Thema: Die Natur verstummt Sogar die Bundesregierung warnt inzwischen vor einem verheerenden Insektensterben in Deutschland. In Teilen des Landes habe sich der Bestand von Insekten seit dem Jahr 1982 um [&hellip;]<\/p>\n","protected":false},"author":-1,"featured_media":734,"comment_status":"open","ping_status":"open","sticky":false,"template":"","format":"standard","meta":{"footnotes":""},"categories":[1],"tags":[],"class_list":["post-741","post","type-post","status-publish","format-standard","has-post-thumbnail","hentry","category-allgemein"],"_links":{"self":[{"href":"https:\/\/gruene-nks.de\/index.php\/wp-json\/wp\/v2\/posts\/741","targetHints":{"allow":["GET"]}}],"collection":[{"href":"https:\/\/gruene-nks.de\/index.php\/wp-json\/wp\/v2\/posts"}],"about":[{"href":"https:\/\/gruene-nks.de\/index.php\/wp-json\/wp\/v2\/types\/post"}],"author":[{"embeddable":true,"href":"https:\/\/gruene-nks.de\/index.php\/wp-json\/wp\/v2\/users\/1"}],"replies":[{"embeddable":true,"href":"https:\/\/gruene-nks.de\/index.php\/wp-json\/wp\/v2\/comments?post=741"}],"version-history":[{"count":3,"href":"https:\/\/gruene-nks.de\/index.php\/wp-json\/wp\/v2\/posts\/741\/revisions"}],"predecessor-version":[{"id":744,"href":"https:\/\/gruene-nks.de\/index.php\/wp-json\/wp\/v2\/posts\/741\/revisions\/744"}],"wp:featuredmedia":[{"embeddable":true,"href":"https:\/\/gruene-nks.de\/index.php\/wp-json\/wp\/v2\/media\/734"}],"wp:attachment":[{"href":"https:\/\/gruene-nks.de\/index.php\/wp-json\/wp\/v2\/media?parent=741"}],"wp:term":[{"taxonomy":"category","embeddable":true,"href":"https:\/\/gruene-nks.de\/index.php\/wp-json\/wp\/v2\/categories?post=741"},{"taxonomy":"post_tag","embeddable":true,"href":"https:\/\/gruene-nks.de\/index.php\/wp-json\/wp\/v2\/tags?post=741"}],"curies":[{"name":"wp","href":"https:\/\/api.w.org\/{rel}","templated":true}]}}