{"id":747,"date":"2017-10-12T14:10:34","date_gmt":"2017-10-12T12:10:34","guid":{"rendered":"http:\/\/gruene-nks.de\/?p=747"},"modified":"2017-10-12T14:10:34","modified_gmt":"2017-10-12T12:10:34","slug":"gruener-stammtisch-wieder-erfolgreich","status":"publish","type":"post","link":"https:\/\/gruene-nks.de\/index.php\/2017\/10\/12\/gruener-stammtisch-wieder-erfolgreich\/","title":{"rendered":"GR\u00dcNER Stammtisch wieder erfolgreich"},"content":{"rendered":"<p>Der letzte GR\u00dcNE Stammtisch im &#8222;Bockenbusch&#8220; in Pohlhausen war den Insekten, speziell den Bienen gewidmet. Das Interesse war bei unseren B\u00fcrgerinnen und B\u00fcrgern erfreulich gro\u00df, so dass wir viele G\u00e4ste hatten.<\/p>\n<p>Besonders interessant war f\u00fcr uns GR\u00dcNE folgendes:<\/p>\n<ul>\n<li><strong>Imker Siegfried Schaft <\/strong>war es ein besonderes Anliegen daf\u00fcr zu sorgen, dass das Springkraut nicht mehr bek\u00e4mpft wird. Das Springkraut ist bis zum ersten Frost eine gute Nahrungsquelle f\u00fcr die Bienen, weil es ja kaum noch bl\u00fchende Wiesen gibt. Man sollte auch mit den Bauern reden, die Wiesen erst nach der Bl\u00fcte zu m\u00e4hen. Die meisten Bauern w\u00fcrden dieser Bitte auch folgen, weil sie den Bienen nicht bewusst schaden m\u00f6chten.<\/li>\n<\/ul>\n<ul>\n<li>Ein Imker aus Heister berichtete, dass seine Bienen zum ersten Mal nach \u00fcber 20 Jahren nicht geschw\u00e4rmt haben. Bienen schw\u00e4rmen, wenn eine neue K\u00f6nigin geboren wurde. Die alte Bienenk\u00f6nigin verl\u00e4sst dann mit einem Teil des Volkes den Bienenstock und baut neu.<\/li>\n<\/ul>\n<ul>\n<li>Beide Imker schilderten, dass mehr als die H\u00e4lfte eines Bienenvolkes innerhalb weniger Tage sterben w\u00fcrde, wenn sie in ein frisch bl\u00fchendes Maisfeld fliegen. Die meisten Bienen sterben allerdings nicht gleich, sondern sind durch die Neonicotinoide, mit denen der Mais behandelt wurde, so verwirrt und desorientiert, dass sie nicht mehr nach Hause finden.<\/li>\n<\/ul>\n<ul>\n<li>In diesem Jahr hat es kaum Wespen gegeben. Au\u00dferdem w\u00e4ren sie charakterlich stark ver\u00e4ndert und gar nicht mehr aggressiv, eher schon fast apathisch. Ob das durch eine Genver\u00e4nderung oder eine Krankheit zustande gekommen ist, kann man nat\u00fcrlich nur mutma\u00dfen.<\/li>\n<\/ul>\n<p>Unser n\u00e4chster <strong>GR\u00dcNER Stammtisch<\/strong> findet nicht am ersten Mittwoch, sondern diesmal am zweiten Mittwoch im November statt, weil der erste Mittwoch ein Feiertag ist.<\/p>\n<p>Wir suchen f\u00fcr diesen Stammtisch noch ein m\u00f6glichst ebenso interessantes GR\u00dcNES Thema wie die Bienen und jemanden, dem dieses Thema wichtig ist und der uns unterst\u00fctzen m\u00f6chte.<\/p>\n<p>Wenn Sie sich angesprochen f\u00fchlen und einen GR\u00dcNEN Stammtisch mitgestalten m\u00f6chten, melden Sie sich bitte unter info@gruene-nks.de oder rufen Sie an unter Tel. 02247 8460.<\/p>\n<p>Astrid Normann, Ortsverbandsvorsitzende<\/p>\n","protected":false},"excerpt":{"rendered":"<p>Der letzte GR\u00dcNE Stammtisch im &#8222;Bockenbusch&#8220; in Pohlhausen war den Insekten, speziell den Bienen gewidmet. Das Interesse war bei unseren B\u00fcrgerinnen und B\u00fcrgern erfreulich gro\u00df, so dass wir viele G\u00e4ste [&hellip;]<\/p>\n","protected":false},"author":-1,"featured_media":0,"comment_status":"open","ping_status":"open","sticky":false,"template":"","format":"standard","meta":{"footnotes":""},"categories":[1],"tags":[],"class_list":["post-747","post","type-post","status-publish","format-standard","hentry","category-allgemein"],"_links":{"self":[{"href":"https:\/\/gruene-nks.de\/index.php\/wp-json\/wp\/v2\/posts\/747","targetHints":{"allow":["GET"]}}],"collection":[{"href":"https:\/\/gruene-nks.de\/index.php\/wp-json\/wp\/v2\/posts"}],"about":[{"href":"https:\/\/gruene-nks.de\/index.php\/wp-json\/wp\/v2\/types\/post"}],"author":[{"embeddable":true,"href":"https:\/\/gruene-nks.de\/index.php\/wp-json\/wp\/v2\/users\/1"}],"replies":[{"embeddable":true,"href":"https:\/\/gruene-nks.de\/index.php\/wp-json\/wp\/v2\/comments?post=747"}],"version-history":[{"count":2,"href":"https:\/\/gruene-nks.de\/index.php\/wp-json\/wp\/v2\/posts\/747\/revisions"}],"predecessor-version":[{"id":749,"href":"https:\/\/gruene-nks.de\/index.php\/wp-json\/wp\/v2\/posts\/747\/revisions\/749"}],"wp:attachment":[{"href":"https:\/\/gruene-nks.de\/index.php\/wp-json\/wp\/v2\/media?parent=747"}],"wp:term":[{"taxonomy":"category","embeddable":true,"href":"https:\/\/gruene-nks.de\/index.php\/wp-json\/wp\/v2\/categories?post=747"},{"taxonomy":"post_tag","embeddable":true,"href":"https:\/\/gruene-nks.de\/index.php\/wp-json\/wp\/v2\/tags?post=747"}],"curies":[{"name":"wp","href":"https:\/\/api.w.org\/{rel}","templated":true}]}}