{"id":755,"date":"2017-10-25T21:54:20","date_gmt":"2017-10-25T19:54:20","guid":{"rendered":"http:\/\/gruene-nks.de\/?p=755"},"modified":"2017-10-25T21:54:20","modified_gmt":"2017-10-25T19:54:20","slug":"klima-schuetzen-kohle-stoppen","status":"publish","type":"post","link":"https:\/\/gruene-nks.de\/index.php\/2017\/10\/25\/klima-schuetzen-kohle-stoppen\/","title":{"rendered":"Klima sch\u00fctzen. Kohle stoppen!"},"content":{"rendered":"<h2><strong>Am 4.11. Demo in Bonn<\/strong><\/h2>\n<p>Der Klimagipfel von Paris war ein Aufbruch. Das gemeinsame Ziel, die Klimakrise aufzuhalten, macht Hoffnung. Doch das gelingt nur mit entschlossenem Handeln.<\/p>\n<p>Gerade nach dem Ausstieg von Donald Trump aus dem Klimaabkommen reichen warme Worte allein nicht aus. Jetzt m\u00fcssen mehr denn je Taten folgen: ehrgeiziger Klimaschutz, faire Unterst\u00fctzung f\u00fcr die armen L\u00e4nder &#8211; und der Ausstieg aus der Kohle!<\/p>\n<p><strong>Wir GR\u00dcNEN nehmen das ernst!<\/strong><\/p>\n<p>W\u00e4hrend in Bonn die Regierungen die Umsetzung des Pariser Abkommens verhandeln, liegen die Schlote und Gruben des rheinischen Kohlereviers nur wenige Kilometer entfernt. Hier holen die Energiekonzerne die klimasch\u00e4dliche Braunkohle aus dem Boden. Die deutsche Bundesregierung gibt sich als Klima-Vorreiter &#8211; doch die eigenen Klimaschutzziele wird sie deutlich verfehlen.<\/p>\n<p>Deshalb kommt es nun auf uns an: Beim Klimagipfel im November k\u00e4mpfen wir gemeinsam mit Tausenden Menschen aus aller Welt f\u00fcr Klimagerechtigkeit und 100 Prozent Erneuerbare Energien im Einklang mit der Natur. Mit unserem bunten und friedlichen Protest fordern wir dazu auf, den Pariser Klimavertrag konsequent umzusetzen und die Kohlekraftwerke endlich abzuschalten!<\/p>\n<p><strong>Demo zur Weltklimakonferenz<\/strong><\/p>\n<p><strong>Samstag, 04. November 2017, 12:00 Uhr bis 18:00 Uhr M\u00fcnsterplatz, Bonn<\/strong><\/p>\n<p>Wir werden dabei sein. <strong>Kommen Sie mit und unterst\u00fctzen Sie uns.<\/strong><\/p>\n<p><strong>Gegen Kohle und f\u00fcr eine entschlossene und gerechte Klimapolitik.<\/strong><\/p>\n<p>Ulrike Parsch\u00a0\u00a0\u00a0 Silke Kierspel\u00a0\u00a0\u00a0\u00a0 Astrid Normann<\/p>\n","protected":false},"excerpt":{"rendered":"<p>Am 4.11. Demo in Bonn Der Klimagipfel von Paris war ein Aufbruch. Das gemeinsame Ziel, die Klimakrise aufzuhalten, macht Hoffnung. Doch das gelingt nur mit entschlossenem Handeln. Gerade nach dem [&hellip;]<\/p>\n","protected":false},"author":-1,"featured_media":756,"comment_status":"open","ping_status":"open","sticky":false,"template":"","format":"standard","meta":{"footnotes":""},"categories":[1],"tags":[],"class_list":["post-755","post","type-post","status-publish","format-standard","has-post-thumbnail","hentry","category-allgemein"],"_links":{"self":[{"href":"https:\/\/gruene-nks.de\/index.php\/wp-json\/wp\/v2\/posts\/755","targetHints":{"allow":["GET"]}}],"collection":[{"href":"https:\/\/gruene-nks.de\/index.php\/wp-json\/wp\/v2\/posts"}],"about":[{"href":"https:\/\/gruene-nks.de\/index.php\/wp-json\/wp\/v2\/types\/post"}],"author":[{"embeddable":true,"href":"https:\/\/gruene-nks.de\/index.php\/wp-json\/wp\/v2\/users\/1"}],"replies":[{"embeddable":true,"href":"https:\/\/gruene-nks.de\/index.php\/wp-json\/wp\/v2\/comments?post=755"}],"version-history":[{"count":1,"href":"https:\/\/gruene-nks.de\/index.php\/wp-json\/wp\/v2\/posts\/755\/revisions"}],"predecessor-version":[{"id":757,"href":"https:\/\/gruene-nks.de\/index.php\/wp-json\/wp\/v2\/posts\/755\/revisions\/757"}],"wp:featuredmedia":[{"embeddable":true,"href":"https:\/\/gruene-nks.de\/index.php\/wp-json\/wp\/v2\/media\/756"}],"wp:attachment":[{"href":"https:\/\/gruene-nks.de\/index.php\/wp-json\/wp\/v2\/media?parent=755"}],"wp:term":[{"taxonomy":"category","embeddable":true,"href":"https:\/\/gruene-nks.de\/index.php\/wp-json\/wp\/v2\/categories?post=755"},{"taxonomy":"post_tag","embeddable":true,"href":"https:\/\/gruene-nks.de\/index.php\/wp-json\/wp\/v2\/tags?post=755"}],"curies":[{"name":"wp","href":"https:\/\/api.w.org\/{rel}","templated":true}]}}