{"id":758,"date":"2017-10-31T21:28:46","date_gmt":"2017-10-31T20:28:46","guid":{"rendered":"http:\/\/gruene-nks.de\/?p=758"},"modified":"2017-11-05T18:54:04","modified_gmt":"2017-11-05T17:54:04","slug":"gruener-stammtisch-8-11","status":"publish","type":"post","link":"https:\/\/gruene-nks.de\/index.php\/2017\/10\/31\/gruener-stammtisch-8-11\/","title":{"rendered":"GR\u00dcNER Stammtisch 8.11."},"content":{"rendered":"<p><span style=\"color: black; font-family: 'Calibri','sans-serif';\">Es wird immer wieder dar\u00fcber berichtet, dass die Zahl der V\u00f6gel alarmierend zur\u00fcck geht.<\/span><\/p>\n<p><span style=\"color: black; font-family: 'Calibri','sans-serif';\">Ein Grund ist sicherlich das fehlende Nahrungsangebot (z.B. Insektensterben). Auch die Lebensr\u00e4ume der V\u00f6gel werden immer mehr eingeschr\u00e4nkt. Die Natur bleibt selten sich selbst \u00fcberlassen, wird immer mehr zugebaut oder &#8222;aufger\u00e4umt&#8220;.<\/span><\/p>\n<p><span style=\"color: black; font-family: 'Calibri','sans-serif';\"><strong>Am 8. November <\/strong><\/span><span style=\"color: black; font-family: 'Calibri','sans-serif';\">wollen wir zusammen mit dem <span style=\"font-family: 'Calibri','sans-serif';\"><strong>Naturfreund und J\u00e4ger Christian Farhumand<\/strong><\/span> \u00fcber das Thema Vogelschutzhecken bzw. Vogelschutzr\u00e4ume sprechen.<\/span><\/p>\n<p><span style=\"color: black; font-family: 'Calibri','sans-serif';\">Die Veranstaltung startet <span style=\"font-family: 'Calibri','sans-serif';\"><strong>um 19:30<\/strong><\/span> <span style=\"font-family: 'Calibri','sans-serif';\"><strong>Uhr <\/strong><\/span>in\u00a0Neunkirchen-Seelscheid (Hochhausen), Neuenhauser Str. 40 (B56) in der Pizzeria &#8222;Da Pino&#8220;.<span style=\"font-family: 'Calibri','sans-serif';\"><strong>\u00a0<\/strong><\/span><\/span><\/p>\n<p><span style=\"color: black; font-family: 'Calibri','sans-serif';\">Wir m\u00f6chten alle B\u00fcrgerinnen und B\u00fcrger und alle Interessierten herzlich einladen, mit uns zu diskutieren.<\/span><\/p>\n<p><span style=\"color: black; font-family: 'Calibri','sans-serif';\">Silke Kierspel und Ulrike Parsch<\/span><\/p>\n","protected":false},"excerpt":{"rendered":"<p>Es wird immer wieder dar\u00fcber berichtet, dass die Zahl der V\u00f6gel alarmierend zur\u00fcck geht. Ein Grund ist sicherlich das fehlende Nahrungsangebot (z.B. Insektensterben). Auch die Lebensr\u00e4ume der V\u00f6gel werden immer [&hellip;]<\/p>\n","protected":false},"author":-1,"featured_media":759,"comment_status":"open","ping_status":"open","sticky":false,"template":"","format":"standard","meta":{"footnotes":""},"categories":[1],"tags":[],"class_list":["post-758","post","type-post","status-publish","format-standard","has-post-thumbnail","hentry","category-allgemein"],"_links":{"self":[{"href":"https:\/\/gruene-nks.de\/index.php\/wp-json\/wp\/v2\/posts\/758","targetHints":{"allow":["GET"]}}],"collection":[{"href":"https:\/\/gruene-nks.de\/index.php\/wp-json\/wp\/v2\/posts"}],"about":[{"href":"https:\/\/gruene-nks.de\/index.php\/wp-json\/wp\/v2\/types\/post"}],"author":[{"embeddable":true,"href":"https:\/\/gruene-nks.de\/index.php\/wp-json\/wp\/v2\/users\/1"}],"replies":[{"embeddable":true,"href":"https:\/\/gruene-nks.de\/index.php\/wp-json\/wp\/v2\/comments?post=758"}],"version-history":[{"count":3,"href":"https:\/\/gruene-nks.de\/index.php\/wp-json\/wp\/v2\/posts\/758\/revisions"}],"predecessor-version":[{"id":767,"href":"https:\/\/gruene-nks.de\/index.php\/wp-json\/wp\/v2\/posts\/758\/revisions\/767"}],"wp:featuredmedia":[{"embeddable":true,"href":"https:\/\/gruene-nks.de\/index.php\/wp-json\/wp\/v2\/media\/759"}],"wp:attachment":[{"href":"https:\/\/gruene-nks.de\/index.php\/wp-json\/wp\/v2\/media?parent=758"}],"wp:term":[{"taxonomy":"category","embeddable":true,"href":"https:\/\/gruene-nks.de\/index.php\/wp-json\/wp\/v2\/categories?post=758"},{"taxonomy":"post_tag","embeddable":true,"href":"https:\/\/gruene-nks.de\/index.php\/wp-json\/wp\/v2\/tags?post=758"}],"curies":[{"name":"wp","href":"https:\/\/api.w.org\/{rel}","templated":true}]}}