{"id":771,"date":"2017-11-09T14:02:20","date_gmt":"2017-11-09T13:02:20","guid":{"rendered":"http:\/\/gruene-nks.de\/?p=771"},"modified":"2017-11-09T14:02:20","modified_gmt":"2017-11-09T13:02:20","slug":"klima-demo-4-11-bonn-2","status":"publish","type":"post","link":"https:\/\/gruene-nks.de\/index.php\/2017\/11\/09\/klima-demo-4-11-bonn-2\/","title":{"rendered":"Klima-Demo 4.11. Bonn"},"content":{"rendered":"<p>Am letzten Samstag fand eine erste Gro\u00dfdemonstration, organisiert von einem breiten zivilgesellschaftlichen B\u00fcndnis, zum Auftakt der Klimakonferenz in Bonn statt. Der Protest stand unter dem Motto \u201e<strong>Klima sch\u00fctzen \u2013 Kohle stoppen\u201c,<\/strong> weil gerade die Nutzung fossiler Energietr\u00e4ger dem Klima schadet. Kohle ist der schmutzigste Energieerzeuger \u00fcberhaupt: Deutsche Kohlekraftwerke sto\u00dfen j\u00e4hrlich 270 Millionen Tonnen klimasch\u00e4dliches CO2 aus. Das sind 74 Prozent der gesamten Treibhausgasemissionen des Stromsektors. Die Folgen: Eine schlechte Luftqualit\u00e4t mit dramatischen Auswirkungen auf die Gesundheit von Mensch und Natur. Und weltweit klimabedingte Umweltkatastrophen und Extremwetterlagen, die immer mehr Menschen aus ihrer Heimat vertreiben. Das muss endlich aufh\u00f6ren! Der Umstieg auf wirklich zukunftsf\u00e4hige Energiequellen darf nicht l\u00e4nger aufgeschoben werden!<\/p>\n<p>Friedlich ging es zu am 4.11. und rappelvoll war es. Mehr als zehntausend Menschen protestierten in Bonn f\u00fcr Klimagerechtigkeit. Einige waren daf\u00fcr um die halbe Welt geflogen.<\/p>\n<p>Sprechch\u00f6re wie: \u201eKeep coal in the ground!\u201c (Lass\u2018 die Kohle im Boden) und \u201eHopp, hopp, hopp \u2013 Kohle Stopp!\u201c waren zu h\u00f6ren. Hoffen wir, dass sie von den Teilnehmern der Klimakonferenz umgesetzt werden.<\/p>\n<p>Astrid Normann\u00a0\u00a0 Silke Kierspel\u00a0\u00a0 Ulrike Parsch<\/p>\n","protected":false},"excerpt":{"rendered":"<p>Am letzten Samstag fand eine erste Gro\u00dfdemonstration, organisiert von einem breiten zivilgesellschaftlichen B\u00fcndnis, zum Auftakt der Klimakonferenz in Bonn statt. Der Protest stand unter dem Motto \u201eKlima sch\u00fctzen \u2013 Kohle [&hellip;]<\/p>\n","protected":false},"author":-1,"featured_media":772,"comment_status":"open","ping_status":"open","sticky":false,"template":"","format":"standard","meta":{"footnotes":""},"categories":[1],"tags":[],"class_list":["post-771","post","type-post","status-publish","format-standard","has-post-thumbnail","hentry","category-allgemein"],"_links":{"self":[{"href":"https:\/\/gruene-nks.de\/index.php\/wp-json\/wp\/v2\/posts\/771","targetHints":{"allow":["GET"]}}],"collection":[{"href":"https:\/\/gruene-nks.de\/index.php\/wp-json\/wp\/v2\/posts"}],"about":[{"href":"https:\/\/gruene-nks.de\/index.php\/wp-json\/wp\/v2\/types\/post"}],"author":[{"embeddable":true,"href":"https:\/\/gruene-nks.de\/index.php\/wp-json\/wp\/v2\/users\/1"}],"replies":[{"embeddable":true,"href":"https:\/\/gruene-nks.de\/index.php\/wp-json\/wp\/v2\/comments?post=771"}],"version-history":[{"count":1,"href":"https:\/\/gruene-nks.de\/index.php\/wp-json\/wp\/v2\/posts\/771\/revisions"}],"predecessor-version":[{"id":773,"href":"https:\/\/gruene-nks.de\/index.php\/wp-json\/wp\/v2\/posts\/771\/revisions\/773"}],"wp:featuredmedia":[{"embeddable":true,"href":"https:\/\/gruene-nks.de\/index.php\/wp-json\/wp\/v2\/media\/772"}],"wp:attachment":[{"href":"https:\/\/gruene-nks.de\/index.php\/wp-json\/wp\/v2\/media?parent=771"}],"wp:term":[{"taxonomy":"category","embeddable":true,"href":"https:\/\/gruene-nks.de\/index.php\/wp-json\/wp\/v2\/categories?post=771"},{"taxonomy":"post_tag","embeddable":true,"href":"https:\/\/gruene-nks.de\/index.php\/wp-json\/wp\/v2\/tags?post=771"}],"curies":[{"name":"wp","href":"https:\/\/api.w.org\/{rel}","templated":true}]}}