{"id":775,"date":"2017-11-16T21:45:48","date_gmt":"2017-11-16T20:45:48","guid":{"rendered":"http:\/\/gruene-nks.de\/?p=775"},"modified":"2017-11-16T21:45:48","modified_gmt":"2017-11-16T20:45:48","slug":"ein-licht-fuer-jede-frau-2","status":"publish","type":"post","link":"https:\/\/gruene-nks.de\/index.php\/2017\/11\/16\/ein-licht-fuer-jede-frau-2\/","title":{"rendered":"Ein Licht f\u00fcr jede Frau"},"content":{"rendered":"<p><span style=\"color: black; font-family: 'Calibri','sans-serif';\">Der &#8222;Internationale Tag gegen Gewalt an Frauen&#8220; wird seit 1981 jedes Jahr am <span style=\"font-family: 'Calibri','sans-serif';\"><strong>25.<\/strong><\/span> <span style=\"font-family: 'Calibri','sans-serif';\"><strong>November<\/strong><\/span> mit Aktionen und Veranstaltungen begangen.<\/span><\/p>\n<p><span style=\"color: black; font-family: 'Calibri','sans-serif';\">An diesem Tag soll die Einhaltung der Menschenrechte gegen\u00fcber Frauen und M\u00e4dchen thematisiert werden. Dabei sollen vor allem Themen wie Zwangsprostitution, sexuelle Gewalt, Zwangsheirat und weibliche Armut zur Sprache kommen.<\/span><\/p>\n<p><span style=\"color: black; font-family: 'Calibri','sans-serif';\">Unter dem Motto: <span style=\"font-family: 'Calibri','sans-serif';\"><strong>&#8222;Ein Licht f\u00fcr jede Frau&#8220;<\/strong><\/span> laden wir Sie ein, f\u00fcr jede von Gewalt betroffene Frau symbolisch ein Licht zu entz\u00fcnden.<\/span><\/p>\n<p><span style=\"color: black; font-family: 'Calibri','sans-serif';\">Gewalt gegen Frauen findet in Deutschland mehrheitlich im privaten Raum und damit im Verborgenen statt. Den gewaltbetroffenen Frauen f\u00e4llt es schwer, Schritte aus einer oftmals ausweglos erscheinenden Situation heraus zu wagen. Ermutigung durch Angeh\u00f6rige und Freunde k\u00f6nnen dabei hilfreich sein.<\/span><\/p>\n<p><span style=\"color: black; font-family: 'Calibri','sans-serif';\"><strong>Gewalt beleuchten &#8211; denn Schweigen sch\u00fctzt die T\u00e4ter!<\/strong><\/span><span style=\"color: black; font-family: 'Calibri','sans-serif';\"><br \/>\n<strong> <span style=\"font-family: 'Calibri','sans-serif';\">Z\u00fcnden Sie mit uns ein Licht an, damit die Betroffenen sehen, dass sie nicht allein sind!<\/span><\/strong><\/span><\/p>\n<p><span style=\"color: black; font-family: 'Calibri','sans-serif';\">Astrid Normann, Silke Kierspel, Ulrike Parsch<\/span><\/p>\n","protected":false},"excerpt":{"rendered":"<p>Der &#8222;Internationale Tag gegen Gewalt an Frauen&#8220; wird seit 1981 jedes Jahr am 25. November mit Aktionen und Veranstaltungen begangen. An diesem Tag soll die Einhaltung der Menschenrechte gegen\u00fcber Frauen [&hellip;]<\/p>\n","protected":false},"author":-1,"featured_media":546,"comment_status":"open","ping_status":"open","sticky":false,"template":"","format":"standard","meta":{"footnotes":""},"categories":[1],"tags":[],"class_list":["post-775","post","type-post","status-publish","format-standard","has-post-thumbnail","hentry","category-allgemein"],"_links":{"self":[{"href":"https:\/\/gruene-nks.de\/index.php\/wp-json\/wp\/v2\/posts\/775","targetHints":{"allow":["GET"]}}],"collection":[{"href":"https:\/\/gruene-nks.de\/index.php\/wp-json\/wp\/v2\/posts"}],"about":[{"href":"https:\/\/gruene-nks.de\/index.php\/wp-json\/wp\/v2\/types\/post"}],"author":[{"embeddable":true,"href":"https:\/\/gruene-nks.de\/index.php\/wp-json\/wp\/v2\/users\/1"}],"replies":[{"embeddable":true,"href":"https:\/\/gruene-nks.de\/index.php\/wp-json\/wp\/v2\/comments?post=775"}],"version-history":[{"count":2,"href":"https:\/\/gruene-nks.de\/index.php\/wp-json\/wp\/v2\/posts\/775\/revisions"}],"predecessor-version":[{"id":964,"href":"https:\/\/gruene-nks.de\/index.php\/wp-json\/wp\/v2\/posts\/775\/revisions\/964"}],"wp:featuredmedia":[{"embeddable":true,"href":"https:\/\/gruene-nks.de\/index.php\/wp-json\/wp\/v2\/media\/546"}],"wp:attachment":[{"href":"https:\/\/gruene-nks.de\/index.php\/wp-json\/wp\/v2\/media?parent=775"}],"wp:term":[{"taxonomy":"category","embeddable":true,"href":"https:\/\/gruene-nks.de\/index.php\/wp-json\/wp\/v2\/categories?post=775"},{"taxonomy":"post_tag","embeddable":true,"href":"https:\/\/gruene-nks.de\/index.php\/wp-json\/wp\/v2\/tags?post=775"}],"curies":[{"name":"wp","href":"https:\/\/api.w.org\/{rel}","templated":true}]}}