{"id":777,"date":"2017-11-22T23:19:02","date_gmt":"2017-11-22T22:19:02","guid":{"rendered":"http:\/\/gruene-nks.de\/?p=777"},"modified":"2017-11-22T23:19:02","modified_gmt":"2017-11-22T22:19:02","slug":"sie-wollen-nicht-noch-mehr-fluglaerm","status":"publish","type":"post","link":"https:\/\/gruene-nks.de\/index.php\/2017\/11\/22\/sie-wollen-nicht-noch-mehr-fluglaerm\/","title":{"rendered":"Sie wollen nicht noch mehr Flugl\u00e4rm?"},"content":{"rendered":"<h2><strong>Planfeststellungsverfahren K\u00f6ln\/ Bonn<\/strong><\/h2>\n<p>Das Planfeststellungsverfahren ist f\u00fcr den Flughafen das erste dieser Art und wurde letztlich durch ein Urteil des Bundesverwaltungsgerichtes zum sogenannten Vorfeld A erzwungen, das die Errichtung von Abstellpl\u00e4tzen ohne ein solches Verfahren als rechtswidrig einstufte. Er muss nun alle Vorhaben, in diesem Fall, u.a. eine zus\u00e4tzliche Cargohalle, ein Parkhausneubau, ein neues Hotel sowie \u00c4nderungen bei der Verkehrsf\u00fchrung, dem Planfeststellungsverfahren unterziehen. Insbesondere bez\u00fcglich der Cargohalle spricht der Flughafen selber von <strong>zus\u00e4tzlichen 2.000 Fl\u00fcgen pro Jahr<\/strong>. <strong>Bis zum 5.12.2017 sind auch in Neunkirchen-Seelscheid die Planfeststellungsunterlagen des Flughafens ausgelegt, bis zum 19.12. k\u00f6nnen Eingaben vorgenommen werden. <\/strong>Die Antragsunterlagen des Flughafens k\u00f6nnen Sie auch auf der Homepage des Landesverkehrsministeriums einsehen.<\/p>\n<p><strong>Grunds\u00e4tzlicher Hinweis<\/strong> Wenn Sie wollen, dass Ihre Einwendungen \/ Stellungnahmen gewertet werden, m\u00fcssen diese sp\u00e4testens bis zum 19.12.17 bei der Bezirksregierung D\u00fcsseldorf &#8211; Dezernat 26 (Luftverkehr), Postfach 300865 in 40408 D\u00fcsseldorf eingegangen sein und sich auf das Aktenzeichen 26.01.01.01-PFV FKB beziehen. <strong>Emails werden nicht ber\u00fccksichtigt, es m\u00fcssen Briefe sein, am besten Einschreiben!<\/strong><\/p>\n<p><strong>Zum Sachstand<\/strong> Neben den St\u00e4dten Lohmar und Siegburg bereitet auch die L\u00e4rmschutzgemeinschaft K\u00f6ln\/Bonn eine umfangreiche Stellungnahme vor. Die L\u00e4rmschutzgemeinschaft hat schon jetzt ein Musterschreiben aufgelegt, das einige grunds\u00e4tzliche Einwendungen auf sieben Seiten auflistet und sich den Stellungnahmen der L\u00e4rmschutzgemeinschaft und des BUND bezieht. Allerdings liegen diese noch nicht vor. (Der Link zur L\u00e4rmschutzgemeinschaft lautet: <a href=\"http:\/\/www.fluglaerm-koeln-bonn.de\/\"><u>http:\/\/www.fluglaerm-koeln-bonn.de\/<\/u><\/a>) Die Stellungnahme f\u00fcr die St\u00e4dte Lohmar und Siegburg soll Anfang Dezember vorliegen.<\/p>\n<p><strong>Zum Vorgehen<\/strong> Sie haben die M\u00f6glichkeit, schon jetzt entlang des Musterschreibens der L\u00e4rmschutzgemeinschaft Ihre Einwendungen an die Bezirksregierung D\u00fcsseldorf zu schicken und gegebenenfalls sp\u00e4ter noch Erg\u00e4nzungen innerhalb der Frist hinterher zu schicken. Sie k\u00f6nnen uns unter info@gruene-nks.de auch mitteilen, wenn Sie von uns zus\u00e4tzlich \u00fcber weitere Entwicklungen (bspw. durch die Gutachten der St\u00e4dte Lohmar und Siegburg) informiert werden wollen, um diese zu ber\u00fccksichtigen. So werden wir als Betroffene im \u00dcbrigen auch selber vorgehen und auch zus\u00e4tzliche Argumente inzwischen aufbereiten.<\/p>\n<p>Astrid Normann, Silke Kierspel, Ulrike Parsch<\/p>\n","protected":false},"excerpt":{"rendered":"<p>Planfeststellungsverfahren K\u00f6ln\/ Bonn Das Planfeststellungsverfahren ist f\u00fcr den Flughafen das erste dieser Art und wurde letztlich durch ein Urteil des Bundesverwaltungsgerichtes zum sogenannten Vorfeld A erzwungen, das die Errichtung von [&hellip;]<\/p>\n","protected":false},"author":-1,"featured_media":778,"comment_status":"open","ping_status":"open","sticky":false,"template":"","format":"standard","meta":{"footnotes":""},"categories":[1],"tags":[],"class_list":["post-777","post","type-post","status-publish","format-standard","has-post-thumbnail","hentry","category-allgemein"],"_links":{"self":[{"href":"https:\/\/gruene-nks.de\/index.php\/wp-json\/wp\/v2\/posts\/777","targetHints":{"allow":["GET"]}}],"collection":[{"href":"https:\/\/gruene-nks.de\/index.php\/wp-json\/wp\/v2\/posts"}],"about":[{"href":"https:\/\/gruene-nks.de\/index.php\/wp-json\/wp\/v2\/types\/post"}],"author":[{"embeddable":true,"href":"https:\/\/gruene-nks.de\/index.php\/wp-json\/wp\/v2\/users\/1"}],"replies":[{"embeddable":true,"href":"https:\/\/gruene-nks.de\/index.php\/wp-json\/wp\/v2\/comments?post=777"}],"version-history":[{"count":1,"href":"https:\/\/gruene-nks.de\/index.php\/wp-json\/wp\/v2\/posts\/777\/revisions"}],"predecessor-version":[{"id":779,"href":"https:\/\/gruene-nks.de\/index.php\/wp-json\/wp\/v2\/posts\/777\/revisions\/779"}],"wp:featuredmedia":[{"embeddable":true,"href":"https:\/\/gruene-nks.de\/index.php\/wp-json\/wp\/v2\/media\/778"}],"wp:attachment":[{"href":"https:\/\/gruene-nks.de\/index.php\/wp-json\/wp\/v2\/media?parent=777"}],"wp:term":[{"taxonomy":"category","embeddable":true,"href":"https:\/\/gruene-nks.de\/index.php\/wp-json\/wp\/v2\/categories?post=777"},{"taxonomy":"post_tag","embeddable":true,"href":"https:\/\/gruene-nks.de\/index.php\/wp-json\/wp\/v2\/tags?post=777"}],"curies":[{"name":"wp","href":"https:\/\/api.w.org\/{rel}","templated":true}]}}