{"id":836,"date":"2018-03-27T22:55:56","date_gmt":"2018-03-27T20:55:56","guid":{"rendered":"http:\/\/gruene-nks.de\/?p=836"},"modified":"2018-03-27T22:55:56","modified_gmt":"2018-03-27T20:55:56","slug":"gruener-stammtisch-am-4-april","status":"publish","type":"post","link":"https:\/\/gruene-nks.de\/index.php\/2018\/03\/27\/gruener-stammtisch-am-4-april\/","title":{"rendered":"GR\u00dcNER Stammtisch am 4. April"},"content":{"rendered":"<p>Am Mittwoch, den <strong>04.04.2018<\/strong> treffen wir uns wieder um <strong>19:30 Uhr beim &#8222;Bockenbusch&#8220; in<\/strong> <strong>Pohlhausen<\/strong> zum <strong>GR\u00dcNEN Stammtisch.<br \/>\n<\/strong><\/p>\n<p><strong><strong>Thema:<\/strong><\/strong> Wasserqualit\u00e4t \u2013 Wasserschutz<\/p>\n<p>Passend zum Weltwassertag (j\u00e4hrlich am 22. M\u00e4rz) wollen wir unser Wasser in den Mittelpunkt stellen.<\/p>\n<p>Unser Trinkwasser in Neunkirchen-Seelscheid kommt \u00fcberwiegend aus der Wahnbachtalsperre und hat eine sehr gute Qualit\u00e4t, so die aktuelle Information aus dem Gesundheitsamt des Rhein-Sieg-Kreises. F\u00fcr Trinkwasser sind die Anforderungen h\u00f6her als f\u00fcr industriell abgef\u00fclltes Mineralwasser und der Wahnbachtalsperrenverband (WTV) kontrolliert die Trinkwasserqualit\u00e4t sehr viel \u00f6fter als vom Gesetzgeber vorgeschrieben ist.<\/p>\n<p>Unterst\u00fctzung erhalten wir von Herrn Michael Schmidt vom Arbeitskreis Landwirtschaft, Wasser und Boden im Rhein-Sieg-Kreis. Der ALWB ist t\u00e4tig im Bereich Wasserschutzberatung im Einzugsgebiet des Rhein-Sieg-Kreises. Auch Frau Erika Potratz vom (WTV) hat ihre Teilnahme zugesagt.<\/p>\n<p>Alle B\u00fcrgerinnen und B\u00fcrger sind wie immer herzlich eingeladen.<\/p>\n<p>Wir freuen uns auf Sie.<\/p>\n<p>Frohe Ostern w\u00fcnschen<\/p>\n<p>Astrid Normann\u00a0\u00a0 Silke Kierspel\u00a0\u00a0 Ulrike Parsch<\/p>\n","protected":false},"excerpt":{"rendered":"<p>Am Mittwoch, den 04.04.2018 treffen wir uns wieder um 19:30 Uhr beim &#8222;Bockenbusch&#8220; in Pohlhausen zum GR\u00dcNEN Stammtisch. Thema: Wasserqualit\u00e4t \u2013 Wasserschutz Passend zum Weltwassertag (j\u00e4hrlich am 22. M\u00e4rz) wollen [&hellip;]<\/p>\n","protected":false},"author":-1,"featured_media":837,"comment_status":"open","ping_status":"open","sticky":false,"template":"","format":"standard","meta":{"footnotes":""},"categories":[1],"tags":[],"class_list":["post-836","post","type-post","status-publish","format-standard","has-post-thumbnail","hentry","category-allgemein"],"_links":{"self":[{"href":"https:\/\/gruene-nks.de\/index.php\/wp-json\/wp\/v2\/posts\/836","targetHints":{"allow":["GET"]}}],"collection":[{"href":"https:\/\/gruene-nks.de\/index.php\/wp-json\/wp\/v2\/posts"}],"about":[{"href":"https:\/\/gruene-nks.de\/index.php\/wp-json\/wp\/v2\/types\/post"}],"author":[{"embeddable":true,"href":"https:\/\/gruene-nks.de\/index.php\/wp-json\/wp\/v2\/users\/1"}],"replies":[{"embeddable":true,"href":"https:\/\/gruene-nks.de\/index.php\/wp-json\/wp\/v2\/comments?post=836"}],"version-history":[{"count":1,"href":"https:\/\/gruene-nks.de\/index.php\/wp-json\/wp\/v2\/posts\/836\/revisions"}],"predecessor-version":[{"id":838,"href":"https:\/\/gruene-nks.de\/index.php\/wp-json\/wp\/v2\/posts\/836\/revisions\/838"}],"wp:featuredmedia":[{"embeddable":true,"href":"https:\/\/gruene-nks.de\/index.php\/wp-json\/wp\/v2\/media\/837"}],"wp:attachment":[{"href":"https:\/\/gruene-nks.de\/index.php\/wp-json\/wp\/v2\/media?parent=836"}],"wp:term":[{"taxonomy":"category","embeddable":true,"href":"https:\/\/gruene-nks.de\/index.php\/wp-json\/wp\/v2\/categories?post=836"},{"taxonomy":"post_tag","embeddable":true,"href":"https:\/\/gruene-nks.de\/index.php\/wp-json\/wp\/v2\/tags?post=836"}],"curies":[{"name":"wp","href":"https:\/\/api.w.org\/{rel}","templated":true}]}}