{"id":840,"date":"2018-04-04T17:05:15","date_gmt":"2018-04-04T15:05:15","guid":{"rendered":"http:\/\/gruene-nks.de\/?p=840"},"modified":"2018-04-04T17:05:15","modified_gmt":"2018-04-04T15:05:15","slug":"thurn-werke-die-lichter-gehen-wieder-an","status":"publish","type":"post","link":"https:\/\/gruene-nks.de\/index.php\/2018\/04\/04\/thurn-werke-die-lichter-gehen-wieder-an\/","title":{"rendered":"Thurn-Werke &#8211; die Lichter gehen wieder an"},"content":{"rendered":"<p>Der Insolvenzverwalter Dirk Oberm\u00fcller gab im M\u00e4rz 2018 die \u00dcbernahme der insolventen Thurn-Werke durch Investoren bekannt; die Produktion k\u00f6nne wieder starten. Am 24.03.2018 wurden laut Mitteilung seiner Kanzlei die Vertr\u00e4ge unterschrieben. Unter dem neuen Namen &#8222;Thurn Germany&#8220; wird die Firma in Zukunft firmieren.<\/p>\n<p>Die aus zwei Familiengruppen bestehenden neuen Investoren planen 140 Mitarbeiter weiter zu besch\u00e4ftigen. Diese Anzahl gilt allerdings f\u00fcr beide Standorte, Neunkirchen und Kerkrade. Wie viele von den fr\u00fcheren 240 Besch\u00e4ftigten tats\u00e4chlich in Neunkirchen wieder eingestellt werden, stand nicht in der Mitteilung.<\/p>\n<p>B\u00fcndnis 90 \/ Die Gr\u00fcnen w\u00fcnschen den Mitarbeiterinnen und Mitarbeitern eine sichere Zukunft am Arbeitsplatz in unserer Gemeinde.<\/p>\n<p>Silke Kierspel\u00a0\u00a0\u00a0\u00a0 Ulrike Parsch<\/p>\n","protected":false},"excerpt":{"rendered":"<p>Der Insolvenzverwalter Dirk Oberm\u00fcller gab im M\u00e4rz 2018 die \u00dcbernahme der insolventen Thurn-Werke durch Investoren bekannt; die Produktion k\u00f6nne wieder starten. Am 24.03.2018 wurden laut Mitteilung seiner Kanzlei die Vertr\u00e4ge [&hellip;]<\/p>\n","protected":false},"author":-1,"featured_media":841,"comment_status":"open","ping_status":"open","sticky":false,"template":"","format":"standard","meta":{"footnotes":""},"categories":[1],"tags":[],"class_list":["post-840","post","type-post","status-publish","format-standard","has-post-thumbnail","hentry","category-allgemein"],"_links":{"self":[{"href":"https:\/\/gruene-nks.de\/index.php\/wp-json\/wp\/v2\/posts\/840","targetHints":{"allow":["GET"]}}],"collection":[{"href":"https:\/\/gruene-nks.de\/index.php\/wp-json\/wp\/v2\/posts"}],"about":[{"href":"https:\/\/gruene-nks.de\/index.php\/wp-json\/wp\/v2\/types\/post"}],"author":[{"embeddable":true,"href":"https:\/\/gruene-nks.de\/index.php\/wp-json\/wp\/v2\/users\/1"}],"replies":[{"embeddable":true,"href":"https:\/\/gruene-nks.de\/index.php\/wp-json\/wp\/v2\/comments?post=840"}],"version-history":[{"count":1,"href":"https:\/\/gruene-nks.de\/index.php\/wp-json\/wp\/v2\/posts\/840\/revisions"}],"predecessor-version":[{"id":842,"href":"https:\/\/gruene-nks.de\/index.php\/wp-json\/wp\/v2\/posts\/840\/revisions\/842"}],"wp:featuredmedia":[{"embeddable":true,"href":"https:\/\/gruene-nks.de\/index.php\/wp-json\/wp\/v2\/media\/841"}],"wp:attachment":[{"href":"https:\/\/gruene-nks.de\/index.php\/wp-json\/wp\/v2\/media?parent=840"}],"wp:term":[{"taxonomy":"category","embeddable":true,"href":"https:\/\/gruene-nks.de\/index.php\/wp-json\/wp\/v2\/categories?post=840"},{"taxonomy":"post_tag","embeddable":true,"href":"https:\/\/gruene-nks.de\/index.php\/wp-json\/wp\/v2\/tags?post=840"}],"curies":[{"name":"wp","href":"https:\/\/api.w.org\/{rel}","templated":true}]}}