{"id":850,"date":"2018-04-19T12:15:33","date_gmt":"2018-04-19T10:15:33","guid":{"rendered":"http:\/\/gruene-nks.de\/?p=850"},"modified":"2018-04-19T12:15:33","modified_gmt":"2018-04-19T10:15:33","slug":"mangelnder-grundrechtschutz-im-netz","status":"publish","type":"post","link":"https:\/\/gruene-nks.de\/index.php\/2018\/04\/19\/mangelnder-grundrechtschutz-im-netz\/","title":{"rendered":"Mangelnder Grundrechtschutz im Netz"},"content":{"rendered":"<p><strong>Facebook greift unsere Grundrechte an<\/strong><\/p>\n<p>Die Firma \u201eCambridge Analytica\u201c hat mittels einer Facebook-App pers\u00f6nliche Daten von circa 50 Millionen Facebook-Nutzern abgegriffen. Den Betroffenen wurde dies nicht mitgeteilt und auch die Beh\u00f6rden wurden dar\u00fcber nicht informiert. Der Fall ist bekannt.<\/p>\n<p><strong><strong>Verantwortung und Datenschutz in sozialen Netzwerken, s<\/strong>tiehlt sich die Bundesregierung weiter aus der Pflicht?<\/strong><\/p>\n<p>Der aktuelle Fall reiht sich ein in eine lange Liste von mangelndem Grundrechts- und Datenschutz im Netz und in sozialen Netzwerken. Bereits 2010 hat die gr\u00fcne Bundestagsfraktion einen ersten <a href=\"http:\/\/dip21.bundestag.de\/dip21\/btd\/17\/081\/1708161.pdf\">Antrag zum Daten- und Grundrechtsschutz in sozialen Netzwerken<\/a> im Bundestag vorgelegt. Bis heute ignoriert Facebook mit Hinweis auf seine internationale T\u00e4tigkeit und sein eigenes Gemeinschaftsrecht jedoch deutsches Recht, zum Beispiel in Bezug auf das Recht auf anonyme und pseudonyme Nutzung von Telemedienangeboten.<\/p>\n<p>Facebook muss umfassend dar\u00fcber aufkl\u00e4ren, in welchem Umfang B\u00fcrgerinnen und B\u00fcrger von fragw\u00fcrdigen Daten\u00fcbermittlungen an Drittanbieter betroffen waren und es heute noch sind. Die Datenschutzaufsichtsbeh\u00f6rden m\u00fcssen weltweit aktiv werden. Sie m\u00fcssen ebenfalls Transparenz schaffen und pr\u00fcfen.<\/p>\n<p>Die Gr\u00fcnen im Bundestag haben durch die Unterst\u00fctzung der Schaffung der EU-Datenschutzgrundverordnung wesentlich mit dazu beigetragen, dass ab Mai diesen Jahres ein neues Regelwerk gilt: die Datenschutzgrundverordnung. Es sch\u00fctzt die Verbraucherinnen und Internetnutzer und erlaubt Sanktionen f\u00fcr die grobe Missachtung von Datenschutzbestimmungen in H\u00f6he von bis zu vier Prozent des Jahresumsatzes eines Unternehmens.<\/p>\n<p>Aber auch wir, die Nutzer, k\u00f6nnen uns sch\u00fctzen, indem wir mit unseren eigenen Daten sensibler umgehen und uns genau \u00fcberlegen, welche Informationen freigegeben werden.<\/p>\n<p><strong><strong>UND: Es gibt zu einigen Internetgiganten auch solidere Alternativen.<strong><strong>\u00a0<\/strong><\/strong><\/strong><\/strong><\/p>\n<p>Ulrike Parsch\u00a0\u00a0\u00a0\u00a0 Silke Kierspel<\/p>\n","protected":false},"excerpt":{"rendered":"<p>Facebook greift unsere Grundrechte an Die Firma \u201eCambridge Analytica\u201c hat mittels einer Facebook-App pers\u00f6nliche Daten von circa 50 Millionen Facebook-Nutzern abgegriffen. Den Betroffenen wurde dies nicht mitgeteilt und auch die [&hellip;]<\/p>\n","protected":false},"author":-1,"featured_media":0,"comment_status":"open","ping_status":"open","sticky":false,"template":"","format":"standard","meta":{"footnotes":""},"categories":[1],"tags":[],"class_list":["post-850","post","type-post","status-publish","format-standard","hentry","category-allgemein"],"_links":{"self":[{"href":"https:\/\/gruene-nks.de\/index.php\/wp-json\/wp\/v2\/posts\/850","targetHints":{"allow":["GET"]}}],"collection":[{"href":"https:\/\/gruene-nks.de\/index.php\/wp-json\/wp\/v2\/posts"}],"about":[{"href":"https:\/\/gruene-nks.de\/index.php\/wp-json\/wp\/v2\/types\/post"}],"author":[{"embeddable":true,"href":"https:\/\/gruene-nks.de\/index.php\/wp-json\/wp\/v2\/users\/1"}],"replies":[{"embeddable":true,"href":"https:\/\/gruene-nks.de\/index.php\/wp-json\/wp\/v2\/comments?post=850"}],"version-history":[{"count":1,"href":"https:\/\/gruene-nks.de\/index.php\/wp-json\/wp\/v2\/posts\/850\/revisions"}],"predecessor-version":[{"id":851,"href":"https:\/\/gruene-nks.de\/index.php\/wp-json\/wp\/v2\/posts\/850\/revisions\/851"}],"wp:attachment":[{"href":"https:\/\/gruene-nks.de\/index.php\/wp-json\/wp\/v2\/media?parent=850"}],"wp:term":[{"taxonomy":"category","embeddable":true,"href":"https:\/\/gruene-nks.de\/index.php\/wp-json\/wp\/v2\/categories?post=850"},{"taxonomy":"post_tag","embeddable":true,"href":"https:\/\/gruene-nks.de\/index.php\/wp-json\/wp\/v2\/tags?post=850"}],"curies":[{"name":"wp","href":"https:\/\/api.w.org\/{rel}","templated":true}]}}