{"id":908,"date":"2018-07-11T23:05:15","date_gmt":"2018-07-11T21:05:15","guid":{"rendered":"http:\/\/gruene-nks.de\/?p=908"},"modified":"2018-07-11T23:05:15","modified_gmt":"2018-07-11T21:05:15","slug":"planfeststellungsverfahren-des-flughafens-koelnbonn","status":"publish","type":"post","link":"https:\/\/gruene-nks.de\/index.php\/2018\/07\/11\/planfeststellungsverfahren-des-flughafens-koelnbonn\/","title":{"rendered":"Planfeststellungsverfahren des Flughafens K\u00f6ln\/Bonn"},"content":{"rendered":"<p><strong>Der Er\u00f6rterungstermin steht fest.<strong><strong>\u00a0<\/strong><\/strong><\/strong><\/p>\n<p><strong><strong>Ab Montag, 17. September 2018, 10:00 Uhr, findet der Er\u00f6rterungstermin im \u201eSartory Saal\u201c, Friesenstr. 44 \u2013 48 in K\u00f6ln statt.<\/strong><\/strong> Einlass und Registrierung ist ab 8:00 Uhr m\u00f6glich. Im Bedarfsfall wird der Termin am 18., 19., 20. und 21. September, jeweils ab 09.00 Uhr (Registrierung und Einlass auch ab 08.00 Uhr), weitergef\u00fchrt. Wenn kein weiterer Er\u00f6rterungsbedarf besteht, kann die Er\u00f6rterung auch vor Ablauf der genannten weiteren Termine beendet werden. Wenn sie noch nicht abgeschlossen ist, wird sie ab dem 24. September an gleicher Stelle fortgesetzt. Montags bis donnerstags ist voraussichtlich gegen 17 Uhr und freitags gegen 15 Uhr Ende. Es k\u00f6nnen alle an dem Termin teilnehmen, die durch das Vorhaben betroffen sind, auch wenn zuvor keine Einwendung erhoben wurde. Der Er\u00f6rterungstermin ist allerdings nicht \u00f6ffentlich, deshalb muss zur Einlassberechtigung der Personalausweis vorgelegt werden.<\/p>\n<p>Im Rahmen der \u00d6ffentlichkeitsbeteiligung im letzten Herbst wurden mehr als 16.000 Einwendungen von B\u00fcrgerinnen, B\u00fcrgern und Kommunen erhoben. Bis Ende Mai wurden diese Einwendungen bei der Bezirksregierung D\u00fcsseldorf gesichtet und vorsortiert sowie die Gegen\u00e4u\u00dferung durch den Flughafen K\u00f6ln\/Bonn eingeholt. Aktuell wird eine Synopse dar\u00fcber zusammengestellt.<\/p>\n<p>Bei dem Er\u00f6rterungstermin werden dann die Einwendungen und Stellungnahmen diskutiert und es erfolgt eine Zusammenfassung \u00fcber die widerstreitenden Interessen. Diese ist dann wiederum eine wichtige Entscheidungsgrundlage f\u00fcr den Planfeststellungsbeschluss der Genehmigungsbeh\u00f6rde &#8211; das ist das NRW-Verkehrsministerium.<\/p>\n<p>Wer eine schriftliche Einwendung eingereicht hat, erh\u00e4lt keine gesonderte Einladung zu dem Er\u00f6rterungstermin. Die Synopse kann ab sofort telefonisch bei 0211\/475-2610 oder per Email unter Dez26.FKB@brd.nrw.de als Ausdruck oder auf einem USB-Stick anfordert werden. Die Versendung der Synopse erfolgt aus organisatorischen Gr\u00fcnden ab ca. Mitte August 2018.<\/p>\n<p>Bei dem Er\u00f6rterungstermin ist eine Tagesordnung nach Sachthemen geplant. Die Reihenfolge ist:<\/p>\n<p>Bauleitplanung<\/p>\n<p>Notwendigkeit des Vorhabens \/ Verkehrsbedarf<\/p>\n<p>Luftverkehrsprognose<\/p>\n<p>Kapazit\u00e4tsuntersuchung \/ Verf\u00fcgbarkeit von Vorfeldern<\/p>\n<p>Technische Gesamtkapazit\u00e4t<\/p>\n<p>Technische Planung<\/p>\n<p>Betriebssicherheit<\/p>\n<p>Alternativen Bau \/ Betrieb<\/p>\n<p>Immissionsbelastung<\/p>\n<p>Natur- und Artenschutz<\/p>\n<p>Gew\u00e4sserschutz<\/p>\n<p>Raumordnung und Landesplanung, St\u00e4dtebau<\/p>\n<p>sonstige Einwendungen<\/p>\n<p>Ab dem ersten Tag der Er\u00f6rterung, 17. September, wird auf der der Internetseite der Bezirksregierung D\u00fcsseldorf (www.brd.nrw.de) t\u00e4glich die noch anstehende Tagesordnung bekanntgegeben. Eine weitere besondere Bekanntmachung erfolgt nicht.<\/p>\n","protected":false},"excerpt":{"rendered":"<p>Der Er\u00f6rterungstermin steht fest.\u00a0 Ab Montag, 17. September 2018, 10:00 Uhr, findet der Er\u00f6rterungstermin im \u201eSartory Saal\u201c, Friesenstr. 44 \u2013 48 in K\u00f6ln statt. Einlass und Registrierung ist ab 8:00 [&hellip;]<\/p>\n","protected":false},"author":-1,"featured_media":0,"comment_status":"open","ping_status":"open","sticky":false,"template":"","format":"standard","meta":{"footnotes":""},"categories":[1],"tags":[],"class_list":["post-908","post","type-post","status-publish","format-standard","hentry","category-allgemein"],"_links":{"self":[{"href":"https:\/\/gruene-nks.de\/index.php\/wp-json\/wp\/v2\/posts\/908","targetHints":{"allow":["GET"]}}],"collection":[{"href":"https:\/\/gruene-nks.de\/index.php\/wp-json\/wp\/v2\/posts"}],"about":[{"href":"https:\/\/gruene-nks.de\/index.php\/wp-json\/wp\/v2\/types\/post"}],"author":[{"embeddable":true,"href":"https:\/\/gruene-nks.de\/index.php\/wp-json\/wp\/v2\/users\/1"}],"replies":[{"embeddable":true,"href":"https:\/\/gruene-nks.de\/index.php\/wp-json\/wp\/v2\/comments?post=908"}],"version-history":[{"count":1,"href":"https:\/\/gruene-nks.de\/index.php\/wp-json\/wp\/v2\/posts\/908\/revisions"}],"predecessor-version":[{"id":909,"href":"https:\/\/gruene-nks.de\/index.php\/wp-json\/wp\/v2\/posts\/908\/revisions\/909"}],"wp:attachment":[{"href":"https:\/\/gruene-nks.de\/index.php\/wp-json\/wp\/v2\/media?parent=908"}],"wp:term":[{"taxonomy":"category","embeddable":true,"href":"https:\/\/gruene-nks.de\/index.php\/wp-json\/wp\/v2\/categories?post=908"},{"taxonomy":"post_tag","embeddable":true,"href":"https:\/\/gruene-nks.de\/index.php\/wp-json\/wp\/v2\/tags?post=908"}],"curies":[{"name":"wp","href":"https:\/\/api.w.org\/{rel}","templated":true}]}}