{"id":912,"date":"2018-08-01T13:49:14","date_gmt":"2018-08-01T11:49:14","guid":{"rendered":"http:\/\/gruene-nks.de\/?p=912"},"modified":"2018-08-01T13:49:14","modified_gmt":"2018-08-01T11:49:14","slug":"fluglaermkommission-getaeuscht","status":"publish","type":"post","link":"https:\/\/gruene-nks.de\/index.php\/2018\/08\/01\/fluglaermkommission-getaeuscht\/","title":{"rendered":"Flugl\u00e4rmkommission get\u00e4uscht"},"content":{"rendered":"<p><strong>Claudia Wieja, Vorsitzende der Flugl\u00e4rmkommission und stellvertretene Fraktionsvorsitzende der GR\u00dcNEN in Lohmar:<\/strong><\/p>\n<p><strong><strong><strong>\u201eFlugl\u00e4rmkommission durch den Flughafen K\u00f6ln\/Bonn offensichtlich get\u00e4uscht!\u201c<br \/>\n<\/strong><\/strong><\/strong><\/p>\n<p>Das Handelsblatt berichtete am Dienstag, 19. Juli, dass der ehemalige Gesch\u00e4ftsf\u00fchrer Garvens das Passagierwachstum am K\u00f6ln\/Bonner Flughafen mit enormen Rabatten oder R\u00fcckzahlungen von vereinnahmten Start-\/Landegeb\u00fchren vor allem an Billigfluggesellschaften \u201eerkauft\u201c hat \u2013 angeblich in den letzten vier Jahren in H\u00f6he von mehr als 130 Mio. Euro. Die Passagierzahlen wuchsen dadurch erheblich, die Umsatzerl\u00f6se ebenfalls &#8211; von 178,8 Mio. Euro in 2002 auf 319,1 Mio. Euro in 2017, aber das Betriebsergebnis sank gleichzeitig enorm \u2013 von 2002 bis 2017 mit 20,7 Mio. Euro auf ca. die H\u00e4lfte.<\/p>\n<p>Claudia Wieja: <em>\u201eEs wird nicht nur berichtet, dass im Passagebereich erhebliche Teile der Start- und Landegeb\u00fchren durch \u00e4u\u00dferst fragw\u00fcrdige und wahrscheinlich rechtswidrige Beihilfen erkauft wurden. Im von Garvens so hoch gelobten Low-Cost-Bereich auf der Langstrecke wurden allem Anschein nach an Eurowings fast 300.000 Euro gezahlt, sodass der Flughafen nicht nur nichts eingenommen, sondern auch noch jeden Passagier mit vier Euro subventioniert hat.\u201c <\/em><\/p>\n<p>Daraus resultieren auch f\u00fcr die Flugl\u00e4rmkommission viele Fragen! \u201eVom Flughafen und auch der jetzigen Landesregierung wurde immer wieder die Geb\u00fchrenh\u00f6he als das Steuerungsinstrument der Wahl zur L\u00e4rmminderung dargestellt. Vorst\u00f6\u00dfe aus der FLK zur wirkungsvollen Erh\u00f6hung der Geb\u00fchren f\u00fcr besonders laute Flugzeuge wie an anderen gro\u00dfen deutschen Flugh\u00e4fen, wurden immer wieder mit der Begr\u00fcndung abgelehnt, dass die Geb\u00fchren \u201ekostendeckend\u201c sein m\u00fcssten und deswegen nicht h\u00f6her sein d\u00fcrften. Abgesehen davon, dass dieses Argument angesichts der Regelung an anderen Flugh\u00e4fen so nicht stimmen kann, liegt hier auf der Hand: Die Geb\u00fchren im Passagebereich waren eben bei Eurowings- und Ryanairfl\u00fcgen in vielen F\u00e4llen nur scheinbar kostendeckend \u2013 weil es zu versteckten R\u00fcckzahlungen oder Rabatten kam. Aus Sicht der Flugl\u00e4rmkommission ist aber die Frage der steigenden Flugbewegungen, besonders in der Nacht, durch die im Bericht erw\u00e4hnten Fluggesellschaften von Bedeutung. Es ist eine grobe Missachtung der Mitglieder der Flugl\u00e4rmkommission, diese in stundenlangen Sitzungen Start- und Landegeb\u00fchren und deren Anreizwirkung bzgl. weniger L\u00e4rm und weniger Nachtflug diskutieren zu lassen, wenn die Fluggesellschaften unter dem Strich durch das Vorgehen des Gesch\u00e4ftsf\u00fchrers \u2013 ohne entsprechende weitere vertragliche Vereinbarung \u2013 so gut wie keine Geb\u00fchr mehr gezahlt haben. Das erkl\u00e4rt dann auch die deutliche Steigerung der Passagier-Nachtfl\u00fcge ohne R\u00fccksicht auf das Ruhebed\u00fcrfnis der Anwohnerinnen und Anwohner rund um den Flughafen. Es wird Zeit, dass der amtierende Verkehrsminister als oberste Luftaufsicht des Landes NRW endlich aufwacht und eingreift.\u201c<\/p>\n<p><strong><strong>Das sehen wie GR\u00dcNEN in Neunkirchen-Seelscheid genauso.<\/strong><\/strong><\/p>\n","protected":false},"excerpt":{"rendered":"<p>Claudia Wieja, Vorsitzende der Flugl\u00e4rmkommission und stellvertretene Fraktionsvorsitzende der GR\u00dcNEN in Lohmar: \u201eFlugl\u00e4rmkommission durch den Flughafen K\u00f6ln\/Bonn offensichtlich get\u00e4uscht!\u201c Das Handelsblatt berichtete am Dienstag, 19. Juli, dass der ehemalige Gesch\u00e4ftsf\u00fchrer [&hellip;]<\/p>\n","protected":false},"author":-1,"featured_media":0,"comment_status":"open","ping_status":"open","sticky":false,"template":"","format":"standard","meta":{"footnotes":""},"categories":[1],"tags":[],"class_list":["post-912","post","type-post","status-publish","format-standard","hentry","category-allgemein"],"_links":{"self":[{"href":"https:\/\/gruene-nks.de\/index.php\/wp-json\/wp\/v2\/posts\/912","targetHints":{"allow":["GET"]}}],"collection":[{"href":"https:\/\/gruene-nks.de\/index.php\/wp-json\/wp\/v2\/posts"}],"about":[{"href":"https:\/\/gruene-nks.de\/index.php\/wp-json\/wp\/v2\/types\/post"}],"author":[{"embeddable":true,"href":"https:\/\/gruene-nks.de\/index.php\/wp-json\/wp\/v2\/users\/1"}],"replies":[{"embeddable":true,"href":"https:\/\/gruene-nks.de\/index.php\/wp-json\/wp\/v2\/comments?post=912"}],"version-history":[{"count":2,"href":"https:\/\/gruene-nks.de\/index.php\/wp-json\/wp\/v2\/posts\/912\/revisions"}],"predecessor-version":[{"id":914,"href":"https:\/\/gruene-nks.de\/index.php\/wp-json\/wp\/v2\/posts\/912\/revisions\/914"}],"wp:attachment":[{"href":"https:\/\/gruene-nks.de\/index.php\/wp-json\/wp\/v2\/media?parent=912"}],"wp:term":[{"taxonomy":"category","embeddable":true,"href":"https:\/\/gruene-nks.de\/index.php\/wp-json\/wp\/v2\/categories?post=912"},{"taxonomy":"post_tag","embeddable":true,"href":"https:\/\/gruene-nks.de\/index.php\/wp-json\/wp\/v2\/tags?post=912"}],"curies":[{"name":"wp","href":"https:\/\/api.w.org\/{rel}","templated":true}]}}